{"id":1968,"date":"2023-12-31T10:00:04","date_gmt":"2023-12-31T09:00:04","guid":{"rendered":"http:\/\/wordpress2363517.home.pl\/ptdl\/?p=1968"},"modified":"2023-12-31T10:01:15","modified_gmt":"2023-12-31T09:01:15","slug":"posiedzenie-naukowo-szkoleniowe-oddzialu-lubelskiego-ptdl-12-pazdziernika-2023-r-maciej-korpysz-05-09-2023-0000","status":"publish","type":"post","link":"https:\/\/ptdl.pl\/index.php\/2023\/12\/31\/posiedzenie-naukowo-szkoleniowe-oddzialu-lubelskiego-ptdl-12-pazdziernika-2023-r-maciej-korpysz-05-09-2023-0000\/","title":{"rendered":"Posiedzenie naukowo-szkoleniowe Oddzia\u0142u Lubelskiego PTDL &#8211; 12 pa\u017adziernika 2023 r"},"content":{"rendered":"<p>Szanowni Pa\u0144stwo,<\/p>\n<p>Zarz\u0105d Oddzia\u0142u Lubelskiego PTDL serdecznie zaprasza cz\u0142onk\u00f3w oddzia\u0142u do udzia\u0142u w posiedzeniu naukowo-szkoleniowym, kt\u00f3re odb\u0119dzie si\u0119 w dniu <strong>12 pa\u017adziernika 2023 r. (czwartek), o godzinie 15:00<\/strong> w Hotelu Ibis Styles Lublin Stare Miasto, ul. Al. Solidarno\u015bci 7.<\/p>\n<p>Partnerem posiedzenia b\u0119dzie firma EUROIMMUN Polska.<\/p>\n<p><strong>Program spotkania:<br \/>\n<\/strong><strong>Sprawy organizacyjne<\/strong> &#8211; dr Dariusz Duma, Przewodnicz\u0105cy Oddzia\u0142u Lubelskiego PTDL<br \/>\n<strong>Bezinwazyjna diagnostyka w nefrologii \u2013 nowe rekomendacje KDIGO<\/strong> \u2013 dr Tomasz Janiszewski, EUROIMMUN Polska<br \/>\n<strong>MyFoodProfile \u2013 kiedy wynik to za ma\u0142o<\/strong> \u2013 dr Marek \u0141aszyn, EUROIMMUN Polska<\/p>\n<p>Serdecznie zapraszamy !!!<\/p>\n<p>&nbsp;<\/p>\n","protected":false},"excerpt":{"rendered":"<p>Szanowni Pa\u0144stwo, Zarz\u0105d Oddzia\u0142u Lubelskiego PTDL serdecznie zaprasza cz\u0142onk\u00f3w oddzia\u0142u do udzia\u0142u w posiedzeniu naukowo-szkoleniowym, kt\u00f3re odb\u0119dzie si\u0119 w dniu 12 pa\u017adziernika 2023 r. (czwartek), o godzinie 15:00 w Hotelu Ibis Styles Lublin Stare Miasto, ul. Al. Solidarno\u015bci 7. Partnerem posiedzenia b\u0119dzie firma EUROIMMUN Polska. Program spotkania: Sprawy organizacyjne &#8211; dr Dariusz Duma, Przewodnicz\u0105cy Oddzia\u0142u [&hellip;]<\/p>\n","protected":false},"author":1,"featured_media":809,"comment_status":"closed","ping_status":"open","sticky":false,"template":"","format":"standard","meta":{"footnotes":""},"categories":[15],"tags":[],"class_list":["post-1968","post","type-post","status-publish","format-standard","has-post-thumbnail","hentry","category-aktualnosci-oddzial-lublin"],"_links":{"self":[{"href":"https:\/\/ptdl.pl\/index.php\/wp-json\/wp\/v2\/posts\/1968","targetHints":{"allow":["GET"]}}],"collection":[{"href":"https:\/\/ptdl.pl\/index.php\/wp-json\/wp\/v2\/posts"}],"about":[{"href":"https:\/\/ptdl.pl\/index.php\/wp-json\/wp\/v2\/types\/post"}],"author":[{"embeddable":true,"href":"https:\/\/ptdl.pl\/index.php\/wp-json\/wp\/v2\/users\/1"}],"replies":[{"embeddable":true,"href":"https:\/\/ptdl.pl\/index.php\/wp-json\/wp\/v2\/comments?post=1968"}],"version-history":[{"count":3,"href":"https:\/\/ptdl.pl\/index.php\/wp-json\/wp\/v2\/posts\/1968\/revisions"}],"predecessor-version":[{"id":1972,"href":"https:\/\/ptdl.pl\/index.php\/wp-json\/wp\/v2\/posts\/1968\/revisions\/1972"}],"wp:featuredmedia":[{"embeddable":true,"href":"https:\/\/ptdl.pl\/index.php\/wp-json\/wp\/v2\/media\/809"}],"wp:attachment":[{"href":"https:\/\/ptdl.pl\/index.php\/wp-json\/wp\/v2\/media?parent=1968"}],"wp:term":[{"taxonomy":"category","embeddable":true,"href":"https:\/\/ptdl.pl\/index.php\/wp-json\/wp\/v2\/categories?post=1968"},{"taxonomy":"post_tag","embeddable":true,"href":"https:\/\/ptdl.pl\/index.php\/wp-json\/wp\/v2\/tags?post=1968"}],"curies":[{"name":"wp","href":"https:\/\/api.w.org\/{rel}","templated":true}]}}