{"id":2008,"date":"2023-11-27T12:48:06","date_gmt":"2023-11-27T11:48:06","guid":{"rendered":"http:\/\/wordpress2363517.home.pl\/ptdl\/?p=2008"},"modified":"2023-12-31T12:48:52","modified_gmt":"2023-12-31T11:48:52","slug":"zaproszenie-na-zebranie-naukowo-szkoleniowe-w-sobote-09-12-2023","status":"publish","type":"post","link":"https:\/\/ptdl.pl\/index.php\/2023\/11\/27\/zaproszenie-na-zebranie-naukowo-szkoleniowe-w-sobote-09-12-2023\/","title":{"rendered":"Zaproszenie na zebranie naukowo-szkoleniowe w sobot\u0119 09.12.2023"},"content":{"rendered":"<p style=\"text-align: left;\">W imieniu <strong>Oddzia\u0142u PTDL w Szczecinie<\/strong> oraz firmy <strong>DiaSorin<\/strong>, serdecznie zapraszamy Cz\u0142onk\u00f3w Oddzia\u0142u na zebranie naukowo-szkoleniowe w trybie stacjonarnym, kt\u00f3re odb\u0119dzie si\u0119 <strong>w sobot\u0119 09 grudnia 2023 w godzinach 10:00\u201314:00<\/strong><br \/>\nMiejsce: <strong>Grand Park Hotel, ul. S\u0142owackiego 18, 71-434 Szczecin<\/strong><\/p>\n<p><strong>Program zebrania<\/strong><br \/>\n09:30-10:00 Rejestracja uczestnik\u00f3w<br \/>\n10:00-10:15 Powitanie<br \/>\ndr n. med. Katarzyna Fischer, Przewodnicz\u0105ca PTDL Oddzia\u0142 w Szczecinie<br \/>\n10:15-11:00 \u2013 \u201eZastosowanie MR-proADM w praktyce SOR &#8211; wyniki bada\u0144 w\u0142asnych\u201d<br \/>\ndr n. med. Grzegorz Czajkowski SPSK1 PUM w Szczecinie<br \/>\n11:00-11:45 \u2013 \u201eNowe zalecenia diagnostyczne PTG w zaka\u017ceniu Helicobacter pylori\u201d dr n. med. Ma\u0142gorzata \u0141ukasik DiaSorin Poland Sp. z o.o.<br \/>\n12:00-14:00 \u2013 Lunch i zako\u0144czenie<\/p>\n<p>Za udzia\u0142 w spotkaniu Uczestnicy otrzymaj\u0105 2 punkty edukacyjne.<\/p>\n<p style=\"text-align: right;\">Serdecznie zapraszamy<br \/>\nZarz\u0105d Oddzia\u0142u PTDL w Szczecinie<\/p>\n","protected":false},"excerpt":{"rendered":"<p>W imieniu Oddzia\u0142u PTDL w Szczecinie oraz firmy DiaSorin, serdecznie zapraszamy Cz\u0142onk\u00f3w Oddzia\u0142u na zebranie naukowo-szkoleniowe w trybie stacjonarnym, kt\u00f3re odb\u0119dzie si\u0119 w sobot\u0119 09 grudnia 2023 w godzinach 10:00\u201314:00 Miejsce: Grand Park Hotel, ul. S\u0142owackiego 18, 71-434 Szczecin Program zebrania 09:30-10:00 Rejestracja uczestnik\u00f3w 10:00-10:15 Powitanie dr n. med. Katarzyna Fischer, Przewodnicz\u0105ca PTDL Oddzia\u0142 w [&hellip;]<\/p>\n","protected":false},"author":1,"featured_media":805,"comment_status":"closed","ping_status":"open","sticky":false,"template":"","format":"standard","meta":{"footnotes":""},"categories":[23],"tags":[],"class_list":["post-2008","post","type-post","status-publish","format-standard","has-post-thumbnail","hentry","category-aktualnosci-oddzial-szczecin"],"_links":{"self":[{"href":"https:\/\/ptdl.pl\/index.php\/wp-json\/wp\/v2\/posts\/2008","targetHints":{"allow":["GET"]}}],"collection":[{"href":"https:\/\/ptdl.pl\/index.php\/wp-json\/wp\/v2\/posts"}],"about":[{"href":"https:\/\/ptdl.pl\/index.php\/wp-json\/wp\/v2\/types\/post"}],"author":[{"embeddable":true,"href":"https:\/\/ptdl.pl\/index.php\/wp-json\/wp\/v2\/users\/1"}],"replies":[{"embeddable":true,"href":"https:\/\/ptdl.pl\/index.php\/wp-json\/wp\/v2\/comments?post=2008"}],"version-history":[{"count":2,"href":"https:\/\/ptdl.pl\/index.php\/wp-json\/wp\/v2\/posts\/2008\/revisions"}],"predecessor-version":[{"id":2010,"href":"https:\/\/ptdl.pl\/index.php\/wp-json\/wp\/v2\/posts\/2008\/revisions\/2010"}],"wp:featuredmedia":[{"embeddable":true,"href":"https:\/\/ptdl.pl\/index.php\/wp-json\/wp\/v2\/media\/805"}],"wp:attachment":[{"href":"https:\/\/ptdl.pl\/index.php\/wp-json\/wp\/v2\/media?parent=2008"}],"wp:term":[{"taxonomy":"category","embeddable":true,"href":"https:\/\/ptdl.pl\/index.php\/wp-json\/wp\/v2\/categories?post=2008"},{"taxonomy":"post_tag","embeddable":true,"href":"https:\/\/ptdl.pl\/index.php\/wp-json\/wp\/v2\/tags?post=2008"}],"curies":[{"name":"wp","href":"https:\/\/api.w.org\/{rel}","templated":true}]}}