{"id":2657,"date":"2024-02-04T13:53:15","date_gmt":"2024-02-04T12:53:15","guid":{"rendered":"https:\/\/ptdl.pl\/?p=2657"},"modified":"2024-02-10T00:24:57","modified_gmt":"2024-02-09T23:24:57","slug":"konferencja-nowotwory-narastajace-wyzwanie-medycyny-laboratoryjnej-poznan-19-marca-2024-r","status":"publish","type":"post","link":"https:\/\/ptdl.pl\/index.php\/2024\/02\/04\/konferencja-nowotwory-narastajace-wyzwanie-medycyny-laboratoryjnej-poznan-19-marca-2024-r\/","title":{"rendered":"Konferencja \u201eNowotwory \u2013 narastaj\u0105ce wyzwanie medycyny laboratoryjnej\u201d &#8211; Pozna\u0144, 19 marca 2024 r."},"content":{"rendered":"<p>Szanowni Pa\u0144stwo,<\/p>\n<p>Wraz z Wyk\u0142adowcami i Organizatorem pragniemy serdecznie zaprosi\u0107 Pa\u0144stwa do udzia\u0142u<br \/>\nw <strong>Konferencji naukowo-szkoleniowej Polskiego Towarzystwa Diagnostyki Laboratoryjnej Oddzia\u0142 w Poznaniu pn. <em>\u201eNowotwory \u2013 narastaj\u0105ce wyzwanie medycyny laboratoryjnej\u201d<\/em><\/strong>, kt\u00f3ra odb\u0119dzie si\u0119 <strong><u>19 marca 2024 r. w Poznaniu.<\/u><\/strong><\/p>\n<p>Konferencja towarzyszy<strong> Targom Wyposa\u017cenia i Technologii Laboratoryjnych LABS EXPO <\/strong>w dniach 19-20.03.2024 r. w Pozna\u0144 Congress Centre, ul. G\u0142ogowska 10, 60-734 Pozna\u0144.<br \/>\nPodczas spotkania b\u0119dziemy rozmawia\u0107 o przyczynach, diagnostyce, leczeniu i profilaktyce chor\u00f3b nowotworowych.<br \/>\nMamy nadziej\u0119, \u017ce nasza konferencja b\u0119dzie okazj\u0105 do poszerzenia lub ugruntowania wiedzy przydatnej w codziennej praktyce i owocnych dyskusji z Wyk\u0142adowcami i innymi Uczestnikami.<br \/>\nUruchomili\u015bmy rejestracj\u0119 na targi oraz konferencj\u0119. Poni\u017cej przesy\u0142am link do strony gdzie zamieszczone s\u0105 informacj\u0119 o rejestracji.<\/p>\n<p><a href=\"https:\/\/labsexpo.pl\/pl\/aktualnosci\/konferencja-nowotwory-narastajace-wyzwanie-medycyny-laboratoryjnej\/\">https:\/\/labsexpo.pl\/pl\/aktualnosci\/konferencja-nowotwory-narastajace-wyzwanie-medycyny-laboratoryjnej\/<\/a><\/p>\n<p><a href=\"https:\/\/labsexpo.pl\/pl\/dla-zwiedzajacych\/wazne-informacje\/bilety-i-informacje-dla-zwiedzajacych\/\">https:\/\/labsexpo.pl\/pl\/dla-zwiedzajacych\/wazne-informacje\/bilety-i-informacje-dla-zwiedzajacych\/<\/a><\/p>\n<p>Z serdecznymi pozdrowieniami<\/p>\n<p><em>Zarz\u0105d PTDL\u00a0Oddzia\u0142 Pozna\u0144 \u00a0<\/em><\/p>\n<h1><span style=\"font-size: 14pt;\">Program<\/span><strong><span style=\"font-size: 14pt;\">\u00a0\u00a0\u00a0<\/span>\u00a0\u00a0\u00a0\u00a0\u00a0\u00a0\u00a0\u00a0\u00a0\u00a0\u00a0\u00a0\u00a0\u00a0\u00a0\u00a0\u00a0\u00a0\u00a0\u00a0\u00a0\u00a0\u00a0\u00a0\u00a0\u00a0\u00a0\u00a0\u00a0\u00a0\u00a0\u00a0\u00a0\u00a0\u00a0\u00a0\u00a0\u00a0\u00a0\u00a0\u00a0\u00a0\u00a0\u00a0\u00a0\u00a0\u00a0\u00a0\u00a0\u00a0\u00a0\u00a0\u00a0\u00a0\u00a0\u00a0\u00a0\u00a0\u00a0\u00a0\u00a0\u00a0\u00a0\u00a0\u00a0\u00a0\u00a0\u00a0\u00a0\u00a0\u00a0\u00a0\u00a0\u00a0\u00a0\u00a0\u00a0\u00a0\u00a0\u00a0\u00a0\u00a0 <\/strong><\/h1>\n<table style=\"width: 100.803%; height: 685px;\" width=\"100%\">\n<tbody>\n<tr style=\"height: 24px;\">\n<td style=\"height: 24px; width: 11.0162%;\" width=\"7%\"><strong><span style=\"font-size: 10pt; font-family: arial, helvetica, sans-serif;\">09:00 &#8211; <\/span><span style=\"font-size: 10pt; font-family: arial, helvetica, sans-serif;\">10:00<\/span><\/strong><\/td>\n<td style=\"height: 24px; width: 37.0723%;\" width=\"44%\"><strong><span style=\"font-size: 10pt; font-family: arial, helvetica, sans-serif;\">Rejestracja uczestnik\u00f3w<\/span><\/strong><\/td>\n<td style=\"height: 24px; width: 51.9744%;\" width=\"48%\"><\/td>\n<\/tr>\n<tr style=\"height: 107px;\">\n<td style=\"height: 107px; width: 11.0162%;\" width=\"7%\"><strong><span style=\"font-size: 10pt; font-family: arial, helvetica, sans-serif;\">10:00 &#8211; <\/span><span style=\"font-size: 10pt; font-family: arial, helvetica, sans-serif;\">10:15<\/span><\/strong><\/td>\n<td style=\"height: 107px; width: 37.0723%;\" width=\"44%\"><strong><span style=\"font-size: 10pt; font-family: arial, helvetica, sans-serif;\">Uroczyste rozpocz\u0119cie konferencji<\/span><\/strong><\/p>\n<p>&nbsp;<\/td>\n<td style=\"height: 107px; width: 51.9744%;\" width=\"48%\"><span style=\"font-size: 10pt; font-family: arial, helvetica, sans-serif;\"><strong><em>dr n. farm. Ma\u0142gorzata Zieli\u0144ska-Przyjemska &#8211; <\/em><\/strong><strong>Przewodnicz\u0105ca Pozna\u0144skiego Oddzia\u0142u <\/strong><strong>Polskiego Towarzystwa Diagnostyki Laboratoryjnej,<\/strong><\/span><\/p>\n<p><span style=\"font-size: 10pt; font-family: arial, helvetica, sans-serif;\"><strong><em>dr hab. n. med. Katarzyna Winsz-Szczotka, prof. SUM<\/em><\/strong> &#8211;<strong> Prezes Polskiego Towarzystwa Diagnostyki Laboratoryjnej,<\/strong><\/span><\/p>\n<p><span style=\"font-size: 10pt; font-family: arial, helvetica, sans-serif;\"><strong><em>mgr Monika Pintal-\u015alimak <\/em><\/strong>&#8211;\u00a0 <strong>Prezes Krajowej Rady Diagnost\u00f3w Laboratoryjnych<\/strong><\/span><\/td>\n<\/tr>\n<tr style=\"height: 42px;\">\n<td style=\"height: 42px; width: 11.0162%;\" width=\"7%\"><strong><span style=\"font-size: 10pt; font-family: arial, helvetica, sans-serif;\">10:15 &#8211; <\/span><span style=\"font-size: 10pt; font-family: arial, helvetica, sans-serif;\">11:00<\/span><\/strong><\/td>\n<td style=\"height: 42px; width: 37.0723%;\" width=\"44%\"><strong><span style=\"font-size: 10pt; font-family: arial, helvetica, sans-serif;\">Terapia CAR-T jako nowoczesna immunoterapia nowotwor\u00f3w: proces wytwarzania produkt\u00f3w CAR-T <\/span><\/strong><br \/>\n<strong><span style=\"font-size: 10pt; font-family: arial, helvetica, sans-serif;\">w Polsce, dost\u0119pno\u015b\u0107, monitorowanie dzia\u0142a\u0144 niepo\u017c\u0105danych w aspekcie diagnostyki laboratoryjnej.<\/span><\/strong><\/td>\n<td style=\"height: 42px; width: 51.9744%;\" width=\"48%\"><span style=\"font-size: 10pt; font-family: arial, helvetica, sans-serif;\"><strong><em>prof. <\/em><\/strong><strong><em>dr hab. n. med. <\/em><\/strong><strong><em>Anna Bogacz <\/em><\/strong><\/span><\/p>\n<p><strong><span style=\"font-size: 10pt; font-family: arial, helvetica, sans-serif;\">Pracownia Medycyny Spersonalizowanej i Terapii Kom\u00f3rkowej, Regionalne Centrum Krwiodawstwa i Krwiolecznictwa w Poznaniu<\/span><\/strong><\/p>\n<p><strong><span style=\"font-size: 10pt; font-family: arial, helvetica, sans-serif;\">\u00a0<\/span><\/strong><\/td>\n<\/tr>\n<tr style=\"height: 75px;\">\n<td style=\"height: 75px; width: 11.0162%;\" width=\"7%\"><strong><span style=\"font-size: 10pt; font-family: arial, helvetica, sans-serif;\">11:00 &#8211; <\/span><span style=\"font-size: 10pt; font-family: arial, helvetica, sans-serif;\">11:45<\/span><\/strong><\/td>\n<td style=\"height: 75px; width: 37.0723%;\" width=\"44%\"><strong><span style=\"font-size: 10pt; font-family: arial, helvetica, sans-serif;\">Diagnostyka patomorfologiczna nowotwor\u00f3w &#8211; (nie)ograniczone mo\u017cliwo\u015bci.<\/span><\/strong><\/td>\n<td style=\"height: 75px; width: 51.9744%;\" width=\"48%\"><span style=\"font-size: 10pt; font-family: arial, helvetica, sans-serif;\"><strong><em>prof. dr hab. n. med. <\/em><\/strong><strong><em>Andrzej Marsza\u0142ek<\/em><\/strong><em><br \/>\n<\/em><strong>Katedra i Zak\u0142ad Patologii i Profilaktyki Nowotwor\u00f3w, Uniwersytet Medyczny im. Karola Marcinkowskiego w Poznaniu<\/strong><\/span><\/td>\n<\/tr>\n<tr style=\"height: 65px;\">\n<td style=\"height: 65px; width: 11.0162%;\" width=\"7%\"><strong><span style=\"font-size: 10pt; font-family: arial, helvetica, sans-serif;\">11:45 &#8211; <\/span><span style=\"font-size: 10pt; font-family: arial, helvetica, sans-serif;\">12:30<\/span><\/strong><\/td>\n<td style=\"height: 65px; width: 37.0723%;\" width=\"44%\"><strong><span style=\"font-size: 10pt; font-family: arial, helvetica, sans-serif;\">Terapia CAR-T w praktyce klinicznej.<\/span><\/strong><\/td>\n<td style=\"height: 65px; width: 51.9744%;\" width=\"48%\"><span style=\"font-size: 10pt; font-family: arial, helvetica, sans-serif;\"><strong><em>prof. dr hab. n. med. <\/em><\/strong><strong><em>Lidia Gil <\/em><\/strong><\/span><\/p>\n<p><strong><span style=\"font-size: 10pt; font-family: arial, helvetica, sans-serif;\">Katedra i Klinika Hematologii i Transplantacji Szpiku, Uniwersytet Medyczny im. Karola Marcinkowskiego w Poznaniu<\/span><\/strong><\/td>\n<\/tr>\n<tr style=\"height: 10px;\">\n<td style=\"height: 10px; width: 11.0162%;\" width=\"7%\"><strong><span style=\"font-size: 10pt; font-family: arial, helvetica, sans-serif;\">12:30 &#8211; <\/span><span style=\"font-size: 10pt; font-family: arial, helvetica, sans-serif;\">12:45<\/span><\/strong><\/td>\n<td style=\"height: 10px; width: 37.0723%;\" width=\"44%\"><strong><span style=\"font-size: 10pt; font-family: arial, helvetica, sans-serif;\">Dyskusja<\/span><\/strong><\/td>\n<td style=\"height: 10px; width: 51.9744%;\" width=\"48%\">\n<h4><\/h4>\n<\/td>\n<\/tr>\n<tr style=\"height: 32px;\">\n<td style=\"height: 32px; width: 11.0162%;\" width=\"7%\"><strong><span style=\"font-size: 10pt; font-family: arial, helvetica, sans-serif;\">12:45 &#8211; <\/span><span style=\"font-size: 10pt; font-family: arial, helvetica, sans-serif;\">13:15<\/span><\/strong><\/td>\n<td style=\"height: 32px; width: 37.0723%;\" width=\"44%\"><strong><span style=\"font-size: 10pt; font-family: arial, helvetica, sans-serif;\">Przerwa kawowa<\/span><\/strong><\/td>\n<td style=\"height: 32px; width: 51.9744%;\" width=\"48%\"><\/td>\n<\/tr>\n<tr style=\"height: 96px;\">\n<td style=\"height: 96px; width: 11.0162%;\" width=\"7%\"><strong><span style=\"font-size: 10pt; font-family: arial, helvetica, sans-serif;\">13:15 &#8211; <\/span><span style=\"font-size: 10pt; font-family: arial, helvetica, sans-serif;\">14:00<\/span><\/strong><\/td>\n<td style=\"height: 96px; width: 37.0723%;\" width=\"44%\"><strong><span style=\"font-size: 10pt; font-family: arial, helvetica, sans-serif;\">Zintegrowana diagnostyka\u00a0nowotwor\u00f3w z\u0142o\u015bliwych \u2013 rola diagnosty laboratoryjnego.<\/span><\/strong><\/td>\n<td style=\"height: 96px; width: 51.9744%;\" width=\"48%\"><strong><span style=\"font-size: 10pt; font-family: arial, helvetica, sans-serif;\">prof. dr hab. <em>n. med. <\/em>Dariusz I\u017cycki<\/span><\/strong><\/p>\n<p><strong><span style=\"font-size: 10pt; font-family: arial, helvetica, sans-serif;\">Zak\u0142ad Immunologii Nowotwor\u00f3w, Katedra Biotechnologii Medycznej, Uniwersytet Medyczny im. Karola Marcinkowskiego <\/span><\/strong><strong><span style=\"font-size: 10pt; font-family: arial, helvetica, sans-serif;\">w Poznaniu<\/span><\/strong><\/td>\n<\/tr>\n<tr style=\"height: 65px;\">\n<td style=\"height: 65px; width: 11.0162%;\" width=\"7%\"><strong><span style=\"font-size: 10pt; font-family: arial, helvetica, sans-serif;\">14:00 &#8211; <\/span><span style=\"font-size: 10pt; font-family: arial, helvetica, sans-serif;\">14:45<\/span><\/strong><\/td>\n<td style=\"height: 65px; width: 37.0723%;\" width=\"44%\"><strong><span style=\"font-size: 10pt; font-family: arial, helvetica, sans-serif;\">Immunologiczne punkty kontrolne &#8211; przebudzenie Mocy<\/span><\/strong><\/td>\n<td style=\"height: 65px; width: 51.9744%;\" width=\"48%\"><strong><span style=\"font-size: 10pt; font-family: arial, helvetica, sans-serif;\"><em>dr hab. n. med. Mariusz Kaczmarek, prof. UMP<\/em><\/span><\/strong><\/p>\n<p><strong><span style=\"font-size: 10pt; font-family: arial, helvetica, sans-serif;\">Zak\u0142ad Immunologii Nowotwor\u00f3w, Katedra Biotechnologii Medycznej, Uniwersytet Medyczny im. Karola Marcinkowskiego <\/span><\/strong><strong><span style=\"font-size: 10pt; font-family: arial, helvetica, sans-serif;\">w Poznaniu<\/span><\/strong><\/td>\n<\/tr>\n<tr style=\"height: 35px;\">\n<td style=\"height: 35px; width: 11.0162%;\" width=\"7%\"><strong><span style=\"font-size: 10pt; font-family: arial, helvetica, sans-serif;\">14:45 &#8211; <\/span><span style=\"font-size: 10pt; font-family: arial, helvetica, sans-serif;\">15:30<\/span><\/strong><\/td>\n<td style=\"height: 35px; width: 37.0723%;\" width=\"44%\"><strong><span style=\"font-size: 10pt; font-family: arial, helvetica, sans-serif;\">Dziedziczne zespo\u0142y predyspozycji do zachorowania na nowotwory z\u0142o\u015bliwe &#8211; diagnostyka genetyczna.<\/span><\/strong><\/td>\n<td style=\"height: 35px; width: 51.9744%;\" width=\"48%\"><strong><span style=\"font-size: 10pt; font-family: arial, helvetica, sans-serif;\"><em>dr hab. biol. med.\u00a0 Katarzyna Lamperska<\/em><\/span><\/strong><\/p>\n<p><strong><span style=\"font-size: 10pt; font-family: arial, helvetica, sans-serif;\">Pracownia Genetyki Nowotwor\u00f3w, Wielkopolskie Centrum Onkologii<br \/>\nw Poznaniu<\/span><\/strong><\/td>\n<\/tr>\n<tr style=\"height: 83px;\">\n<td style=\"height: 83px; width: 11.0162%;\" width=\"7%\"><strong><span style=\"font-size: 10pt; font-family: arial, helvetica, sans-serif;\">15:30 &#8211; <\/span><span style=\"font-size: 10pt; font-family: arial, helvetica, sans-serif;\">16:15<\/span><\/strong><\/td>\n<td style=\"height: 83px; width: 37.0723%;\" width=\"44%\"><strong><span style=\"font-size: 10pt; font-family: arial, helvetica, sans-serif;\">Diagnostyka molekularna chor\u00f3b nowotworowych i chor\u00f3b rzadkich \u2013 czy systemowo jeste\u015bmy do niej przygotowani?<\/span><\/strong><\/td>\n<td style=\"height: 83px; width: 51.9744%;\" width=\"48%\"><strong><span style=\"font-size: 10pt; font-family: arial, helvetica, sans-serif;\"><em>prof. dr hab. n. med. Micha\u0142 Witt<br \/>\n<\/em><\/span><\/strong><strong><span style=\"font-size: 10pt; font-family: arial, helvetica, sans-serif;\">Instytut Genetyki Cz\u0142owieka, Polska Akademia Nauk<\/span><\/strong><\/td>\n<\/tr>\n<tr style=\"height: 24px;\">\n<td style=\"height: 24px; width: 11.0162%;\" width=\"7%\"><strong><span style=\"font-size: 10pt; font-family: arial, helvetica, sans-serif;\">16:15 &#8211; <\/span><span style=\"font-size: 10pt; font-family: arial, helvetica, sans-serif;\">16:30<\/span><\/strong><\/td>\n<td style=\"height: 24px; width: 37.0723%;\" width=\"44%\"><strong><span style=\"font-size: 10pt; font-family: arial, helvetica, sans-serif;\">Dyskusja<\/span><\/strong><\/td>\n<td style=\"height: 24px; width: 51.9744%;\" width=\"48%\"><\/td>\n<\/tr>\n<tr style=\"height: 27px;\">\n<td style=\"height: 27px; width: 11.0162%;\" width=\"7%\"><span style=\"font-size: 10pt; font-family: arial, helvetica, sans-serif;\"><strong>16:30<\/strong><br \/>\n<\/span><\/td>\n<td style=\"height: 27px; width: 37.0723%;\" width=\"44%\"><strong><span style=\"font-size: 10pt; font-family: arial, helvetica, sans-serif;\">Podsumowanie i zako\u0144czenie konferencji<\/span><\/strong><\/td>\n<td style=\"height: 27px; width: 51.9744%;\" width=\"48%\"><\/td>\n<\/tr>\n<\/tbody>\n<\/table>\n<p>Za udzia\u0142 w konferencji Diagnostom laboratoryjnym przys\u0142uguj\u0105 4 punkty edukacyjne.<\/p>\n<p>&nbsp;<\/p>\n","protected":false},"excerpt":{"rendered":"<p>Szanowni Pa\u0144stwo, Wraz z Wyk\u0142adowcami i Organizatorem pragniemy serdecznie zaprosi\u0107 Pa\u0144stwa do udzia\u0142u w Konferencji naukowo-szkoleniowej Polskiego Towarzystwa Diagnostyki Laboratoryjnej Oddzia\u0142 w Poznaniu pn. \u201eNowotwory \u2013 narastaj\u0105ce wyzwanie medycyny laboratoryjnej\u201d, kt\u00f3ra odb\u0119dzie si\u0119 19 marca 2024 r. w Poznaniu. Konferencja towarzyszy Targom Wyposa\u017cenia i Technologii Laboratoryjnych LABS EXPO w dniach 19-20.03.2024 r. w Pozna\u0144 Congress [&hellip;]<\/p>\n","protected":false},"author":15,"featured_media":2743,"comment_status":"closed","ping_status":"open","sticky":false,"template":"","format":"standard","meta":{"footnotes":""},"categories":[20,28],"tags":[],"class_list":["post-2657","post","type-post","status-publish","format-standard","has-post-thumbnail","hentry","category-aktualnosci-oddzial-poznan","category-konferencje"],"_links":{"self":[{"href":"https:\/\/ptdl.pl\/index.php\/wp-json\/wp\/v2\/posts\/2657","targetHints":{"allow":["GET"]}}],"collection":[{"href":"https:\/\/ptdl.pl\/index.php\/wp-json\/wp\/v2\/posts"}],"about":[{"href":"https:\/\/ptdl.pl\/index.php\/wp-json\/wp\/v2\/types\/post"}],"author":[{"embeddable":true,"href":"https:\/\/ptdl.pl\/index.php\/wp-json\/wp\/v2\/users\/15"}],"replies":[{"embeddable":true,"href":"https:\/\/ptdl.pl\/index.php\/wp-json\/wp\/v2\/comments?post=2657"}],"version-history":[{"count":3,"href":"https:\/\/ptdl.pl\/index.php\/wp-json\/wp\/v2\/posts\/2657\/revisions"}],"predecessor-version":[{"id":2742,"href":"https:\/\/ptdl.pl\/index.php\/wp-json\/wp\/v2\/posts\/2657\/revisions\/2742"}],"wp:featuredmedia":[{"embeddable":true,"href":"https:\/\/ptdl.pl\/index.php\/wp-json\/wp\/v2\/media\/2743"}],"wp:attachment":[{"href":"https:\/\/ptdl.pl\/index.php\/wp-json\/wp\/v2\/media?parent=2657"}],"wp:term":[{"taxonomy":"category","embeddable":true,"href":"https:\/\/ptdl.pl\/index.php\/wp-json\/wp\/v2\/categories?post=2657"},{"taxonomy":"post_tag","embeddable":true,"href":"https:\/\/ptdl.pl\/index.php\/wp-json\/wp\/v2\/tags?post=2657"}],"curies":[{"name":"wp","href":"https:\/\/api.w.org\/{rel}","templated":true}]}}