{"id":2680,"date":"2024-02-06T19:39:53","date_gmt":"2024-02-06T18:39:53","guid":{"rendered":"https:\/\/ptdl.pl\/?p=2680"},"modified":"2024-02-08T15:36:53","modified_gmt":"2024-02-08T14:36:53","slug":"konferencja-naukowo-szkoleniowa-opolskiego-oddzialu-ptdl","status":"publish","type":"post","link":"https:\/\/ptdl.pl\/index.php\/2024\/02\/06\/konferencja-naukowo-szkoleniowa-opolskiego-oddzialu-ptdl\/","title":{"rendered":"Konferencja Naukowo-Szkoleniowa Opolskiego Oddzia\u0142u PTDL"},"content":{"rendered":"<p>Szanowni Pa\u0144stwo!<\/p>\n<p>Zarz\u0105d Opolskiego Oddzia\u0142u PTDL ju\u017c dzi\u015b serdecznie zaprasza na dwudniow\u0105, wyjazdow\u0105 konferencj\u0119 naukowo-szkoleniow\u0105, kt\u00f3ra odb\u0119dzie si\u0119 w dniach 04-05 kwietnia 2024 r. w Hotelu &#8222;Arkas&#8221; ul. Daszy\u0144skiego 12,, 46-060 Pr\u00f3szk\u00f3w k. Opola.<\/p>\n<p>Szczeg\u00f3\u0142y dotycz\u0105ce rejestracji i koszt\u00f3w oraz formularz zg\u0142oszeniowy jest dost\u0119pny na stronie internetowej:<\/p>\n<p>Kanferencja Naukowo-Szkoleniowa Pr\u00f3szk\u00f3w 2024 \/ampulco.eu\/<\/p>\n<p><strong>Zapraszamy do Pr\u00f3szkowa !<\/strong><\/p>\n<p>Z wyrazami szacunku<\/p>\n<p>Zarz\u0105d Odzia\u0142u PTDL w Opolu<\/p>\n","protected":false},"excerpt":{"rendered":"<p>Szanowni Pa\u0144stwo! Zarz\u0105d Opolskiego Oddzia\u0142u PTDL ju\u017c dzi\u015b serdecznie zaprasza na dwudniow\u0105, wyjazdow\u0105 konferencj\u0119 naukowo-szkoleniow\u0105, kt\u00f3ra odb\u0119dzie si\u0119 w dniach 04-05 kwietnia 2024 r. w Hotelu &#8222;Arkas&#8221; ul. Daszy\u0144skiego 12,, 46-060 Pr\u00f3szk\u00f3w k. Opola. Szczeg\u00f3\u0142y dotycz\u0105ce rejestracji i koszt\u00f3w oraz formularz zg\u0142oszeniowy jest dost\u0119pny na stronie internetowej: Kanferencja Naukowo-Szkoleniowa Pr\u00f3szk\u00f3w 2024 \/ampulco.eu\/ Zapraszamy do Pr\u00f3szkowa [&hellip;]<\/p>\n","protected":false},"author":23,"featured_media":2019,"comment_status":"closed","ping_status":"open","sticky":false,"template":"","format":"standard","meta":{"footnotes":""},"categories":[19,28],"tags":[],"class_list":["post-2680","post","type-post","status-publish","format-standard","has-post-thumbnail","hentry","category-aktualnosci-oddzial-opole","category-konferencje"],"_links":{"self":[{"href":"https:\/\/ptdl.pl\/index.php\/wp-json\/wp\/v2\/posts\/2680","targetHints":{"allow":["GET"]}}],"collection":[{"href":"https:\/\/ptdl.pl\/index.php\/wp-json\/wp\/v2\/posts"}],"about":[{"href":"https:\/\/ptdl.pl\/index.php\/wp-json\/wp\/v2\/types\/post"}],"author":[{"embeddable":true,"href":"https:\/\/ptdl.pl\/index.php\/wp-json\/wp\/v2\/users\/23"}],"replies":[{"embeddable":true,"href":"https:\/\/ptdl.pl\/index.php\/wp-json\/wp\/v2\/comments?post=2680"}],"version-history":[{"count":3,"href":"https:\/\/ptdl.pl\/index.php\/wp-json\/wp\/v2\/posts\/2680\/revisions"}],"predecessor-version":[{"id":6194,"href":"https:\/\/ptdl.pl\/index.php\/wp-json\/wp\/v2\/posts\/2680\/revisions\/6194"}],"wp:featuredmedia":[{"embeddable":true,"href":"https:\/\/ptdl.pl\/index.php\/wp-json\/wp\/v2\/media\/2019"}],"wp:attachment":[{"href":"https:\/\/ptdl.pl\/index.php\/wp-json\/wp\/v2\/media?parent=2680"}],"wp:term":[{"taxonomy":"category","embeddable":true,"href":"https:\/\/ptdl.pl\/index.php\/wp-json\/wp\/v2\/categories?post=2680"},{"taxonomy":"post_tag","embeddable":true,"href":"https:\/\/ptdl.pl\/index.php\/wp-json\/wp\/v2\/tags?post=2680"}],"curies":[{"name":"wp","href":"https:\/\/api.w.org\/{rel}","templated":true}]}}