{"id":3044,"date":"2024-03-22T10:24:29","date_gmt":"2024-03-22T09:24:29","guid":{"rendered":"https:\/\/ptdl.pl\/?p=3044"},"modified":"2024-03-27T12:04:48","modified_gmt":"2024-03-27T11:04:48","slug":"program-xi-konferencji-naukowo-szkoleniowej-pomorskie-spotkania-z-diagnostyka-2024-11-04-12-04-2024-r","status":"publish","type":"post","link":"https:\/\/ptdl.pl\/index.php\/2024\/03\/22\/program-xi-konferencji-naukowo-szkoleniowej-pomorskie-spotkania-z-diagnostyka-2024-11-04-12-04-2024-r\/","title":{"rendered":"Program XI KONFERENCJI NAUKOWO &#8211; SZKOLENIOWEJ \u201ePOMORSKIE SPOTKANIA Z DIAGNOSTYK\u0104\u201d 2024 11.04. &#8211; 12.04.2024 r.,"},"content":{"rendered":"<p>Szanowni Pa\u0144stwo<\/p>\n<p>Zapraszam do udzia\u0142u w XI Konferencji &#8222;Pomorskie Spotkania z Diagnostyk\u0105 Laboratoryjn\u0105&#8221;, kt\u00f3ra odb\u0119dzie si\u0119 w dniach 11-12.04.2024, w Sobieszewie.<\/p>\n<p>Link do zapis\u00f3w na Konferencj\u0119 znajdziecie Pa\u0144stwo na stronie firmy Ampulco.<\/p>\n<p><span style=\"color: #ff0000;\"><strong>Program Konferencji<\/strong><\/span><\/p>\n<p><strong><span style=\"color: #ff0000;\">11.04.2024r. CZWARTEK<\/span><br \/>\n<\/strong>9:00\u201310:45\u00a0\u00a0\u00a0\u00a0 Przyjazd uczestnik\u00f3w i zakwaterowanie<br \/>\n10:45\u201311:25\u00a0\u00a0 <strong>Otwarcie<\/strong>. Wystawa sprz\u0119tu i materia\u0142\u00f3w. Zwiedzanie wystawy.<br \/>\n11:25\u201311:30\u00a0\u00a0 <strong>Powitanie zaproszonych Go\u015bci i Uczestnik\u00f3w Konferencji<\/strong> <strong>\u2013<\/strong> Przewodnicz\u0105ca Oddzia\u0142u PTDL w Gda\u0144sku, <strong>dr hab. Agnieszka Jankowska-Kulawy<\/strong><\/p>\n<p>11.30-12.00 <strong>Przem\u00f3wienie Prezes Polskiego Towarzystwa Diagnostyki Laboratoryjnej prof. dr hab. n. med. Katarzyny Winsz-Szczotki<\/strong>; wyk\u0142ad <strong>AMH wczoraj i dzi\u015b<\/strong><br \/>\n12:00-12.45\u00a0 <strong>Czy diagnosta laboratoryjny pomaga chorym \u201ena g\u0142ow\u0119\u201d\u00a0 ?<\/strong> <strong>\u2013\u00a0 prof. dr hab. n. med. Andrzej Szutowicz, <\/strong>Zak\u0142ad Medycyny Laboratoryjnej, Katedry Biochemii Klinicznej Gda\u0144skiego Uniwersytetu Medycznego<\/p>\n<p>12.45-13.00 <strong>Automatyzacja transportu i sortowania prob\u00f3wek \u2013 najnowsze rozwi\u0105zania w preanalityce<\/strong><strong> \u2013<\/strong> <strong>mgr Krzysztof Gliniak<\/strong>, Specjalista ds. Automatyzacji Laboratori\u00f3w w Sarstedt Polska<\/p>\n<p>13:00\u201313:45 <strong>\u017bylna choroba zakrzepowo-zatorowa z trombofili\u0105 w tle \u2013 badania laboratoryjne <\/strong><strong>\u2013 <\/strong><strong>prof. dr hab. Bogdan Solnica, <\/strong>Katedra Biochemii Klinicznej Collegium Medicum Uniwersytetu Jagiello\u0144skiego w Krakowie<br \/>\n13.45\u201314.45\u00a0 <strong>Obiad<\/strong><\/p>\n<p>14:45\u201315:30 <strong>Morfologia krwi obwodowej w zespole hemolityczno-mocznicowym \u2013 dr n. med. Ewa Czernik <\/strong>Dyrektor Dzia\u0142u Naukowego i Rozwi\u0105za\u0144 Laboratoryjnych Sysmex Polska Sp. z o.o.<\/p>\n<p>15.30\u201315.45 <strong>IDS-ISYS \u2013 nowoczesna platforma w diagnostyce laboratoryjnej<\/strong> \u2013 <strong>dr Tomasz Janiszewski, <\/strong>EUROIMMUN POLSKA Sp. z o.o<\/p>\n<p>15:45\u201316:00<strong> Antygen D \u2013 s\u0142aba ekspresja i kategoryzacja w praktyce<\/strong> \u2013 <strong>Ma\u0142gorzata Kowalczyk-G\u0119barowska, Krzysztof Knop <\/strong>Altium International Sp.zo.o.<\/p>\n<p>16.00\u201316.45 <strong>Przysz\u0142o\u015b\u0107 mikrobiologii, wyzwania klimatyczne i technologiczn<\/strong>e <strong>\u2013 <\/strong><strong>dr \u0141ukasz Naumiuk <\/strong>Laboratorium Mikrobiologii Klinicznej Uniwersyteckie Centrum Kliniczne w Gda\u0144sku<\/p>\n<p>16.45-17.00 <strong>Wymagania dotycz\u0105ce kontroli jako\u015bci w nawi\u0105zaniu do normy ISO 15189 2022 oraz\u00a0rozwi\u0105za\u0144 oferowanych przez firm\u0119 Bio-Rad <\/strong>\u2013 Natalia Jaroszewska BioRad<\/p>\n<p>17.00\u201317.45 <em><strong>Miejsce lipoprotein bogatych w TG w nowych wytycznych zaburze\u0144 profilu lipidowego &#8211; PTL i PTDL 2024<\/strong><\/em><strong> \u2013 prof. dr hab. Gra\u017cyna Sygitowicz<\/strong>, Zak\u0142ad Chemii Klinicznej i Diagnostyki Laboratoryjnej, Warszawski Uniwersytet Medyczny<\/p>\n<p><strong>20:00\u00a0\u00a0 Kolacja<\/strong><\/p>\n<p><span style=\"color: #ff0000;\"><strong>12.04.2024 \u2013 PI\u0104TEK<\/strong><\/span><br \/>\n8.00-9.30<strong> \u015aniadanie<br \/>\n<\/strong>9.30-10.15 <strong>Badania molekularne w onkologii: \u00a0stosowane technologie, kierunki rozwoju <\/strong><strong>\u2013 prof. dr hab. Monika Sakowicz-Burkiewicz, <\/strong>Zak\u0142ad Medycyny Molekularnej Katedry Biochemii Klinicznej Gda\u0144skiego Uniwersytetu Medycznego<\/p>\n<p>10.15-10.30 <strong>Kodowanie przysz\u0142o\u015bci diagnostyki <\/strong><strong>\u2013 Karolina Troszak<\/strong> Marcel S.A.<\/p>\n<p>10.30-11.15 <em><strong>Mechanizmy pozalipidowego dzia\u0142ania statyn<\/strong><\/em> <strong>\u2013<\/strong> <strong>prof. dr hab. Dariusz Sitkiewicz<\/strong>, Zak\u0142ad Chemii Klinicznej i Diagnostyki Laboratoryjnej, Warszawski Uniwersytet Medyczny<\/p>\n<p>11.15-12.00<strong> Jako\u015b\u0107 w mikrobiologicznej diagnostyce molekularnej \u2013 Maciej G\u0105sior, <\/strong>Imogena Sp.zo.o.<\/p>\n<p>12.00-12.45 <strong>Ekscentryczny Plazmocyt \u2013 jedna kom\u00f3rka, wiele mo\u017cliwo\u015bci diagnostycznych<\/strong> <strong>\u2013 mgr Ma\u0142gorzata Or\u0142owska, <\/strong>Laboratorium Hematologii Uniwersyteckie Centrum Kliniczne w Gda\u0144sku<\/p>\n<p>12.45-13.00 <strong>Mikroskopia automatyczna badania osadu moczu. Najdok\u0142adniejsze r\u00f3\u017cnicowanie erytrocyt\u00f3w w technologii obrazowania przep\u0142ywowego<\/strong> <strong>\u2013 Daniel Tvrdo\u0148<\/strong>, Argenta<\/p>\n<p>13.00-13.45 <strong>Analiza zdarze\u0144 niepo\u017c\u0105danych w pracowni serologii transfuzjologicznej \u2013 dr Anna Skibowska-Bieli\u0144ska<\/strong>, Centralne Laboratorium Kliniczne z Bankiem Krwi Uniwersyteckie Centrum Kliniczne w Gda\u0144sku<\/p>\n<p>13.45 zako\u0144czenie Konferencji<\/p>\n<p>Serdecznie zapraszam do udzia\u0142u !!<\/p>\n<p>W imieniu Zarz\u0105du Oddzia\u0142u Gda\u0144skiego PTDL<\/p>\n<p>dr hab. Agnieszka Jankowska-Kulawy<\/p>\n","protected":false},"excerpt":{"rendered":"<p>Szanowni Pa\u0144stwo Zapraszam do udzia\u0142u w XI Konferencji &#8222;Pomorskie Spotkania z Diagnostyk\u0105 Laboratoryjn\u0105&#8221;, kt\u00f3ra odb\u0119dzie si\u0119 w dniach 11-12.04.2024, w Sobieszewie. Link do zapis\u00f3w na Konferencj\u0119 znajdziecie Pa\u0144stwo na stronie firmy Ampulco. Program Konferencji 11.04.2024r. CZWARTEK 9:00\u201310:45\u00a0\u00a0\u00a0\u00a0 Przyjazd uczestnik\u00f3w i zakwaterowanie 10:45\u201311:25\u00a0\u00a0 Otwarcie. Wystawa sprz\u0119tu i materia\u0142\u00f3w. Zwiedzanie wystawy. 11:25\u201311:30\u00a0\u00a0 Powitanie zaproszonych Go\u015bci i Uczestnik\u00f3w [&hellip;]<\/p>\n","protected":false},"author":7,"featured_media":2035,"comment_status":"closed","ping_status":"open","sticky":false,"template":"","format":"standard","meta":{"footnotes":""},"categories":[11,28],"tags":[],"class_list":["post-3044","post","type-post","status-publish","format-standard","has-post-thumbnail","hentry","category-aktualnosci-oddzial-katowice","category-konferencje"],"_links":{"self":[{"href":"https:\/\/ptdl.pl\/index.php\/wp-json\/wp\/v2\/posts\/3044","targetHints":{"allow":["GET"]}}],"collection":[{"href":"https:\/\/ptdl.pl\/index.php\/wp-json\/wp\/v2\/posts"}],"about":[{"href":"https:\/\/ptdl.pl\/index.php\/wp-json\/wp\/v2\/types\/post"}],"author":[{"embeddable":true,"href":"https:\/\/ptdl.pl\/index.php\/wp-json\/wp\/v2\/users\/7"}],"replies":[{"embeddable":true,"href":"https:\/\/ptdl.pl\/index.php\/wp-json\/wp\/v2\/comments?post=3044"}],"version-history":[{"count":3,"href":"https:\/\/ptdl.pl\/index.php\/wp-json\/wp\/v2\/posts\/3044\/revisions"}],"predecessor-version":[{"id":3062,"href":"https:\/\/ptdl.pl\/index.php\/wp-json\/wp\/v2\/posts\/3044\/revisions\/3062"}],"wp:featuredmedia":[{"embeddable":true,"href":"https:\/\/ptdl.pl\/index.php\/wp-json\/wp\/v2\/media\/2035"}],"wp:attachment":[{"href":"https:\/\/ptdl.pl\/index.php\/wp-json\/wp\/v2\/media?parent=3044"}],"wp:term":[{"taxonomy":"category","embeddable":true,"href":"https:\/\/ptdl.pl\/index.php\/wp-json\/wp\/v2\/categories?post=3044"},{"taxonomy":"post_tag","embeddable":true,"href":"https:\/\/ptdl.pl\/index.php\/wp-json\/wp\/v2\/tags?post=3044"}],"curies":[{"name":"wp","href":"https:\/\/api.w.org\/{rel}","templated":true}]}}