{"id":3222,"date":"2024-04-22T12:04:35","date_gmt":"2024-04-22T10:04:35","guid":{"rendered":"https:\/\/ptdl.pl\/?p=3222"},"modified":"2024-04-23T15:01:24","modified_gmt":"2024-04-23T13:01:24","slug":"program-konferencji-naukowo-szkoleniowej-sukcesy-i-wyzwania-w-medycynie-laboratoryjnej-szklarska-poreba-2024","status":"publish","type":"post","link":"https:\/\/ptdl.pl\/index.php\/2024\/04\/22\/program-konferencji-naukowo-szkoleniowej-sukcesy-i-wyzwania-w-medycynie-laboratoryjnej-szklarska-poreba-2024\/","title":{"rendered":"Program konferencji naukowo-szkoleniowej \u201eSukcesy i wyzwania w medycynie laboratoryjnej\u201d Szklarska Por\u0119ba 2024"},"content":{"rendered":"<h3 style=\"text-align: center;\">PLAN KONFERENCJI<br \/>\n\u201eSukcesy i wyzwania w medycynie laboratoryjnej\u201d Szklarska Por\u0119ba 2024<\/h3>\n<h1>06.06.2024<\/h1>\n<table style=\"width: 100%; height: 1363px;\" width=\"193%\">\n<tbody>\n<tr style=\"height: 72px;\">\n<td style=\"height: 72px; width: 16.1207%;\" width=\"104\">8:00-9:00<\/td>\n<td style=\"height: 72px; width: 83.2759%;\" width=\"643\">Rejestracja uczestnik\u00f3w<\/p>\n<p>Zwiedzanie wystawy sprz\u0119tu i wyrob\u00f3w medycznych do diagnostyki <em>in vitro<\/em><\/td>\n<\/tr>\n<tr style=\"height: 91px;\">\n<td style=\"height: 91px; width: 16.1207%;\" width=\"104\">9:00-9:45<\/td>\n<td style=\"height: 91px; width: 83.2759%;\" width=\"643\">WYK\u0141AD INAUGURACYJNY<\/p>\n<p>Prof. Marek Paradowski<br \/>\n\u201eSepsa jako jedno z najcz\u0119stszych powik\u0142a\u0144 zaka\u017cenia SARS-Cov-2\u201d<\/td>\n<\/tr>\n<tr style=\"height: 72px;\">\n<td style=\"height: 72px; width: 16.1207%;\" width=\"104\"><\/td>\n<td style=\"height: 72px; width: 83.2759%;\" width=\"643\">SESJA 1<\/p>\n<p>ZABURZENIA METABOLICZNE<\/td>\n<\/tr>\n<tr style=\"height: 80px;\">\n<td style=\"height: 80px; width: 16.1207%;\" width=\"104\">9:45-10.30<\/td>\n<td style=\"height: 80px; width: 83.2759%;\" width=\"643\">dr hab. Agnieszka \u0106wikli\u0144ska:<br \/>\n\u201eZaburzenia gospodarki lipidowej \u2013 co i dlaczego warto oznacza\u0107 opr\u00f3cz st\u0119\u017cenia cholesterolu LDL?\u201d<\/td>\n<\/tr>\n<tr style=\"height: 61px;\">\n<td style=\"height: 61px; width: 16.1207%;\" width=\"104\">10:30-11:15<\/td>\n<td style=\"height: 61px; width: 83.2759%;\" width=\"643\">prof. Dariusz Sitkiewicz<br \/>\n\u201eNiekonwencjonalne czynniki ryzyka chor\u00f3b sercowo-naczyniowych\u201d<\/td>\n<\/tr>\n<tr style=\"height: 72px;\">\n<td style=\"height: 72px; width: 16.1207%;\" width=\"104\">11:15-12:00<\/p>\n<p>&nbsp;<\/td>\n<td style=\"height: 72px; width: 83.2759%;\" width=\"643\">lek. Katarzyna Paczkowska<br \/>\n\u201eDiagnostyka endokrynologiczna zaburze\u0144 metabolicznych\u201d<\/td>\n<\/tr>\n<tr style=\"height: 61px;\">\n<td style=\"height: 61px; width: 16.1207%;\" width=\"104\">12:00-12:45<\/td>\n<td style=\"height: 61px; width: 83.2759%;\" width=\"643\">dr hab. Ewa Gruszewska<br \/>\n\u201eCukrzyca &#8211; rola MLD w rozpoznaniu i leczeniu\u201d<\/td>\n<\/tr>\n<tr style=\"height: 61px;\">\n<td style=\"height: 61px; width: 16.1207%;\" width=\"104\">12:45-13:00<\/td>\n<td style=\"height: 61px; width: 83.2759%;\" width=\"643\">Agata Richter, Martyna Poniewierska, Altium International\u00a0 Sp. z o.o.<br \/>\n\u201eNowoczesne metody w diagnostyce cukrzycy\u201d<\/td>\n<\/tr>\n<tr style=\"height: 61px;\">\n<td style=\"height: 61px; width: 16.1207%;\" width=\"104\">13:00-14:00<\/td>\n<td style=\"height: 61px; width: 83.2759%;\" width=\"643\"><strong>PRZERWA OBIADOWA<br \/>\n<\/strong>Zwiedzanie wystawy sprz\u0119tu i wyrob\u00f3w medycznych do diagnostyki <em>in vitro<\/em><\/td>\n<\/tr>\n<tr style=\"height: 72px;\">\n<td style=\"height: 72px; width: 16.1207%;\" width=\"104\"><\/td>\n<td style=\"height: 72px; width: 83.2759%;\" width=\"643\"><strong>SESJA 2<\/strong><\/p>\n<p><strong>DIAGNOSTYKA ALERGII I CHOR\u00d3B AUTOIMMUNOLOGICZNYCH<\/strong><\/td>\n<\/tr>\n<tr style=\"height: 61px;\">\n<td style=\"height: 61px; width: 16.1207%;\" width=\"104\">14:00-14:45<\/td>\n<td style=\"height: 61px; width: 83.2759%;\" width=\"643\">dr Bo\u017cena Wojciechowska<br \/>\n&#8222;Diagnostyka laboratoryjna w chorobach autoimmnizacyjnych w pigu\u0142ce&#8221;<\/td>\n<\/tr>\n<tr style=\"height: 61px;\">\n<td style=\"height: 61px; width: 16.1207%;\" width=\"104\">14:45-15.15<\/td>\n<td style=\"height: 61px; width: 83.2759%;\" width=\"643\">dr Kornel Bielawski<br \/>\nDiagnostyka Molekularna \u2013 Nowe mo\u017cliwo\u015bci Diagnostyczne<\/td>\n<\/tr>\n<tr style=\"height: 61px;\">\n<td style=\"height: 61px; width: 16.1207%;\" width=\"104\">15:15-15:45<\/td>\n<td style=\"height: 61px; width: 83.2759%;\" width=\"643\">mgr Agnieszka Nowakowska-Puls<br \/>\nDiagnostyka Molekularna &#8211; Okiem Diagnosty Laboratoryjnego<\/td>\n<\/tr>\n<tr style=\"height: 61px;\">\n<td style=\"height: 61px; width: 16.1207%;\" width=\"104\">15:45-16:30<\/td>\n<td style=\"height: 61px; width: 83.2759%;\" width=\"643\">dr hab. Marita Nittner-Marszalska<br \/>\nDiagnostyka Molekularna \u2013 Nowoczesne narz\u0119dzie w Alergologii<\/td>\n<\/tr>\n<tr style=\"height: 41px;\">\n<td style=\"height: 41px; width: 16.1207%;\" width=\"104\">16:30-16:45<\/td>\n<td style=\"height: 41px; width: 83.2759%;\" width=\"643\"><strong>PRZERWA<\/strong><\/td>\n<\/tr>\n<tr style=\"height: 61px;\">\n<td style=\"height: 61px; width: 16.1207%;\" width=\"104\"><\/td>\n<td style=\"height: 61px; width: 83.2759%;\" width=\"643\"><strong>SESJA 3<br \/>\nR\u00d3\u017bNORODNO\u015a\u0106 BADA\u0143 LABORATORYJNYCH W DIAGNOZIE I TERAPII<\/strong><\/td>\n<\/tr>\n<tr style=\"height: 80px;\">\n<td style=\"height: 80px; width: 16.1207%;\" width=\"104\">16:45-17:00<\/td>\n<td style=\"height: 80px; width: 83.2759%;\" width=\"643\">mgr Krzysztof Gliniak, Specjalista ds. Automatyzacji Laboratori\u00f3w w Sarstedt Polska \u201eAutomatyzacja transportu i sortowania pr\u00f3bek \u2013 najnowsze rozwi\u0105zania w fazie przedanalitycznej\u201d<\/td>\n<\/tr>\n<tr style=\"height: 61px;\">\n<td style=\"height: 61px; width: 16.1207%;\" width=\"104\">17:00-17:45<\/td>\n<td style=\"height: 61px; width: 83.2759%;\" width=\"643\">dr hab. Iwona Bil-Lula, prof. uczelni<br \/>\n\u201eOstra i przewlek\u0142a choroba nerek- jak odr\u00f3\u017cni\u0107 i jak zdiagnozowa\u0107?\u201d<\/td>\n<\/tr>\n<tr style=\"height: 61px;\">\n<td style=\"height: 61px; width: 16.1207%;\" width=\"104\">17:45-18:30<\/td>\n<td style=\"height: 61px; width: 83.2759%;\" width=\"643\">dr hab. Ewa Wysocka<br \/>\nZespo\u0142y paranowotworowe- czy s\u0105 wyzwaniem dla medycyny laboratoryjnej?<\/td>\n<\/tr>\n<tr style=\"height: 61px;\">\n<td style=\"height: 61px; width: 16.1207%;\" width=\"104\">18:30-19:00<\/td>\n<td style=\"height: 61px; width: 83.2759%;\" width=\"643\">Emilia Banachowicz, Biokom Diagnostyka Sp. z o.o.<br \/>\n\u201eDyskrazje plazmocytowe- rozpoznanie i monitorowanie\u201d<\/td>\n<\/tr>\n<tr style=\"height: 41px;\">\n<td style=\"height: 41px; width: 16.1207%;\" width=\"104\"><\/td>\n<td style=\"height: 41px; width: 83.2759%;\" width=\"643\"><\/td>\n<\/tr>\n<tr style=\"height: 10px;\">\n<td style=\"height: 10px; width: 16.1207%;\" width=\"104\">20:00<\/td>\n<td style=\"height: 10px; width: 83.2759%;\" width=\"643\"><strong>UROCZYSTA KOLACJA <\/strong><\/td>\n<\/tr>\n<\/tbody>\n<\/table>\n<h1>07.06.2024<\/h1>\n<table width=\"98%\">\n<tbody>\n<tr>\n<td width=\"95\">7:30-9:00<\/td>\n<td width=\"594\"><strong>\u015aniadanie <\/strong><\/td>\n<\/tr>\n<tr>\n<td width=\"95\"><\/td>\n<td width=\"594\"><strong>SESJA 3 C.D<br \/>\nR\u00d3\u017bNORODNO\u015a\u0106 BADA\u0143 LABORATORYJNYCH W DIAGNOZIE I TERAPII<\/strong><\/td>\n<\/tr>\n<tr>\n<td width=\"95\">9:00\u20139:15<\/td>\n<td width=\"594\">dr Tomasz Janiszewski, EUROIMMUN Polska<br \/>\n\u201eIDS-ISYS \u2013 nowoczesna platforma w diagnostyce laboratoryjnej\u201d<\/td>\n<\/tr>\n<tr>\n<td width=\"95\">9:15-9.45<\/td>\n<td width=\"594\">Sysmex Polska<br \/>\n\u201cSzpiczak plazmocytowy \u2013 wybrane zagadnienia, przyk\u0142ady wynik\u00f3w badania morfologii krwi\u201d<\/td>\n<\/tr>\n<tr>\n<td width=\"95\">9:45-10:30<\/td>\n<td width=\"594\">mgr Monika Rams<br \/>\n\u201eMukowiscydoza- trudno\u015bci w przeprowadzaniu test\u00f3w potowych\u201d<\/td>\n<\/tr>\n<tr>\n<td width=\"95\">10:30-11:15<\/td>\n<td width=\"594\">dr Anna Kloc<br \/>\n\u201eChoroby odkleszczowe\u201d<\/td>\n<\/tr>\n<tr>\n<td width=\"95\">11:15-12:00<\/td>\n<td width=\"594\">mgr Natalia S\u0142abisz<br \/>\n\u201eDiagnostyka zaka\u017ce\u0144 grzybiczych\u201d<\/td>\n<\/tr>\n<tr>\n<td width=\"95\">12:00-12:15<\/td>\n<td width=\"594\">Karolina Troszak, Marcel S.A.<br \/>\n&#8222;Kodowanie przysz\u0142o\u015bci diagnostyki&#8221;<\/td>\n<\/tr>\n<tr>\n<td width=\"95\">12:15\u201313:00<\/td>\n<td width=\"594\">dr Olga Loska-Rytwi\u0144ska<br \/>\n\u201emakroTroponina- ekstremalne przypadki czy realne wyzwanie diagnostyki laboratoryjnej?\u201d<\/td>\n<\/tr>\n<tr>\n<td width=\"95\">13:00 \u2013 13:15<\/td>\n<td width=\"594\">Krzysztof Sobczyk, Abbott Polska<br \/>\n\u201eGFAP oraz UCHL-1 jako nowe markery diagnostyczne w diagnostyce lekkiego urazowego uszkodzenia m\u00f3zgu\u201d<\/td>\n<\/tr>\n<tr>\n<td width=\"95\">13:15- 14:00<\/td>\n<td width=\"594\"><strong><br \/>\nROZDANIE CERTYFIKAT\u00d3W UCZESTNICTWA<br \/>\nW KONFERENCJI<br \/>\nPODSUMOWANIE SESJI PLAKATOWEJ<\/strong>&nbsp;<\/td>\n<\/tr>\n<tr>\n<td width=\"95\">14.00<\/td>\n<td width=\"594\">Zamkni\u0119cie konferencji<\/td>\n<\/tr>\n<\/tbody>\n<\/table>\n","protected":false},"excerpt":{"rendered":"<p>PLAN KONFERENCJI \u201eSukcesy i wyzwania w medycynie laboratoryjnej\u201d Szklarska Por\u0119ba 2024 06.06.2024 8:00-9:00 Rejestracja uczestnik\u00f3w Zwiedzanie wystawy sprz\u0119tu i wyrob\u00f3w medycznych do diagnostyki in vitro 9:00-9:45 WYK\u0141AD INAUGURACYJNY Prof. Marek Paradowski \u201eSepsa jako jedno z najcz\u0119stszych powik\u0142a\u0144 zaka\u017cenia SARS-Cov-2\u201d SESJA 1 ZABURZENIA METABOLICZNE 9:45-10.30 dr hab. Agnieszka \u0106wikli\u0144ska: \u201eZaburzenia gospodarki lipidowej \u2013 co i dlaczego [&hellip;]<\/p>\n","protected":false},"author":20,"featured_media":816,"comment_status":"closed","ping_status":"open","sticky":false,"template":"","format":"standard","meta":{"footnotes":""},"categories":[25],"tags":[],"class_list":["post-3222","post","type-post","status-publish","format-standard","has-post-thumbnail","hentry","category-aktualnosci-oddzial-wroclaw"],"_links":{"self":[{"href":"https:\/\/ptdl.pl\/index.php\/wp-json\/wp\/v2\/posts\/3222","targetHints":{"allow":["GET"]}}],"collection":[{"href":"https:\/\/ptdl.pl\/index.php\/wp-json\/wp\/v2\/posts"}],"about":[{"href":"https:\/\/ptdl.pl\/index.php\/wp-json\/wp\/v2\/types\/post"}],"author":[{"embeddable":true,"href":"https:\/\/ptdl.pl\/index.php\/wp-json\/wp\/v2\/users\/20"}],"replies":[{"embeddable":true,"href":"https:\/\/ptdl.pl\/index.php\/wp-json\/wp\/v2\/comments?post=3222"}],"version-history":[{"count":4,"href":"https:\/\/ptdl.pl\/index.php\/wp-json\/wp\/v2\/posts\/3222\/revisions"}],"predecessor-version":[{"id":3232,"href":"https:\/\/ptdl.pl\/index.php\/wp-json\/wp\/v2\/posts\/3222\/revisions\/3232"}],"wp:featuredmedia":[{"embeddable":true,"href":"https:\/\/ptdl.pl\/index.php\/wp-json\/wp\/v2\/media\/816"}],"wp:attachment":[{"href":"https:\/\/ptdl.pl\/index.php\/wp-json\/wp\/v2\/media?parent=3222"}],"wp:term":[{"taxonomy":"category","embeddable":true,"href":"https:\/\/ptdl.pl\/index.php\/wp-json\/wp\/v2\/categories?post=3222"},{"taxonomy":"post_tag","embeddable":true,"href":"https:\/\/ptdl.pl\/index.php\/wp-json\/wp\/v2\/tags?post=3222"}],"curies":[{"name":"wp","href":"https:\/\/api.w.org\/{rel}","templated":true}]}}