{"id":3375,"date":"2024-05-16T18:18:00","date_gmt":"2024-05-16T16:18:00","guid":{"rendered":"https:\/\/ptdl.pl\/?p=3375"},"modified":"2024-05-16T18:19:54","modified_gmt":"2024-05-16T16:19:54","slug":"ostatnie-pozegnanie","status":"publish","type":"post","link":"https:\/\/ptdl.pl\/index.php\/2024\/05\/16\/ostatnie-pozegnanie\/","title":{"rendered":"Ostatnie po\u017cegnanie"},"content":{"rendered":"<p style=\"text-align: center\">Z g\u0142\u0119bokim \u017calem i smutkiem zawiadamiamy, \u017ce w dniu 12 stycznia 2024 r. odszed\u0142 od nas ceniony Diagnosta Laboratoryjny,<br \/>\nHonorowy Cz\u0142onek Polskiego Towarzystwa Diagnostyki Laboratoryjnej.<\/p>\n<p style=\"text-align: center\"><span style=\"font-size: 18pt\"><strong>\u015bp. dr Tadeusz W\u00f3jtowicz<\/strong><\/span><strong><br \/>\n<\/strong>specjalista analityki klinicznej<\/p>\n<p style=\"text-align: center\">Pan dr W\u00f3jtowicz by\u0142 wspania\u0142ym koleg\u0105. B\u0119dzie go nam bardzo brakowa\u0142o.<\/p>\n<p style=\"text-align: center\"><em>Zarz\u0105d Pozna\u0144skiego Oddzia\u0142u<br \/>\nPolskiego Towarzystwa Diagnostyki Laboratoryjnej<\/em><\/p>\n<p style=\"text-align: center\"><img loading=\"lazy\" decoding=\"async\" class=\"sFlh5c pT0Scc iPVvYb\" src=\"https:\/\/img.freepik.com\/darmowe-psd\/dekoracyjna-konstrukcja-rozdzielacza-linii_23-2151358267.jpg\" alt=\"Ozdobnych Linia Zdj\u0119cia - darmowe pobieranie na Freepik\" width=\"174\" height=\"116\" aria-hidden=\"false\" \/><\/p>\n<p style=\"text-align: center\"><em>Dr Tadeusz W\u00f3jtowicz zosta\u0142 pochowany na Zabytkowym Cmentarzu Jerzyckim przy<br \/>\nul. Nowina 1 w Poznaniu.<\/em><\/p>\n","protected":false},"excerpt":{"rendered":"<p>Z g\u0142\u0119bokim \u017calem i smutkiem zawiadamiamy, \u017ce w dniu 12 stycznia 2024 r. odszed\u0142 od nas ceniony Diagnosta Laboratoryjny, Honorowy Cz\u0142onek Polskiego Towarzystwa Diagnostyki Laboratoryjnej. \u015bp. dr Tadeusz W\u00f3jtowicz specjalista analityki klinicznej Pan dr W\u00f3jtowicz by\u0142 wspania\u0142ym koleg\u0105. B\u0119dzie go nam bardzo brakowa\u0142o. Zarz\u0105d Pozna\u0144skiego Oddzia\u0142u Polskiego Towarzystwa Diagnostyki Laboratoryjnej Dr Tadeusz W\u00f3jtowicz zosta\u0142 pochowany [&hellip;]<\/p>\n","protected":false},"author":15,"featured_media":3376,"comment_status":"closed","ping_status":"open","sticky":false,"template":"","format":"standard","meta":{"footnotes":""},"categories":[20],"tags":[],"class_list":["post-3375","post","type-post","status-publish","format-standard","has-post-thumbnail","hentry","category-aktualnosci-oddzial-poznan"],"_links":{"self":[{"href":"https:\/\/ptdl.pl\/index.php\/wp-json\/wp\/v2\/posts\/3375","targetHints":{"allow":["GET"]}}],"collection":[{"href":"https:\/\/ptdl.pl\/index.php\/wp-json\/wp\/v2\/posts"}],"about":[{"href":"https:\/\/ptdl.pl\/index.php\/wp-json\/wp\/v2\/types\/post"}],"author":[{"embeddable":true,"href":"https:\/\/ptdl.pl\/index.php\/wp-json\/wp\/v2\/users\/15"}],"replies":[{"embeddable":true,"href":"https:\/\/ptdl.pl\/index.php\/wp-json\/wp\/v2\/comments?post=3375"}],"version-history":[{"count":3,"href":"https:\/\/ptdl.pl\/index.php\/wp-json\/wp\/v2\/posts\/3375\/revisions"}],"predecessor-version":[{"id":3379,"href":"https:\/\/ptdl.pl\/index.php\/wp-json\/wp\/v2\/posts\/3375\/revisions\/3379"}],"wp:featuredmedia":[{"embeddable":true,"href":"https:\/\/ptdl.pl\/index.php\/wp-json\/wp\/v2\/media\/3376"}],"wp:attachment":[{"href":"https:\/\/ptdl.pl\/index.php\/wp-json\/wp\/v2\/media?parent=3375"}],"wp:term":[{"taxonomy":"category","embeddable":true,"href":"https:\/\/ptdl.pl\/index.php\/wp-json\/wp\/v2\/categories?post=3375"},{"taxonomy":"post_tag","embeddable":true,"href":"https:\/\/ptdl.pl\/index.php\/wp-json\/wp\/v2\/tags?post=3375"}],"curies":[{"name":"wp","href":"https:\/\/api.w.org\/{rel}","templated":true}]}}