{"id":3437,"date":"2024-05-24T16:52:43","date_gmt":"2024-05-24T14:52:43","guid":{"rendered":"https:\/\/ptdl.pl\/?p=3437"},"modified":"2024-05-24T17:09:55","modified_gmt":"2024-05-24T15:09:55","slug":"najlepsze-zyczenia-z-okazji-dnia-diagnosty-laboratoryjnego","status":"publish","type":"post","link":"https:\/\/ptdl.pl\/index.php\/2024\/05\/24\/najlepsze-zyczenia-z-okazji-dnia-diagnosty-laboratoryjnego\/","title":{"rendered":"Najlepsze \u017cyczenia z okazji Dnia Diagnosty Laboratoryjnego"},"content":{"rendered":"<p style=\"text-align: center\"><span style=\"font-size: 14pt\"><em>Szanowni Pa\u0144stwo,<br \/>\n<\/em><em>Z okazji Dnia Diagnosty Laboratoryjnego \u017cyczymy Wam wytrwa\u0142o\u015bci w codziennej pracy, szacunku i uznania od pacjent\u00f3w, pracodawc\u00f3w i wsp\u00f3\u0142pracownik\u00f3w. <\/em><\/span><br \/>\n<span style=\"font-size: 14pt\"><em>Dzi\u0119kujemy za Pa\u0144stwa zaanga\u017cowanie i profesjonalizm. <\/em><\/span><br \/>\n<span style=\"font-size: 14pt\"><em>\u017byczymy si\u0142y i zdrowia oraz satysfakcji z wykonywania swojej pracy.<\/em><\/span><\/p>\n<p>&nbsp;<\/p>\n<p style=\"text-align: center\"><span style=\"font-size: 14pt\"><em>Ma\u0142gorzata Zieli\u0144ska-Przyjemska wraz z Zarz\u0105dem<br \/>\nPozna\u0144skiego Oddzia\u0142u PTDL<br \/>\n<\/em><\/span><\/p>\n<p><img loading=\"lazy\" decoding=\"async\" class=\" wp-image-3446 aligncenter\" src=\"https:\/\/ptdl.pl\/ptdl\/wp-content\/uploads\/2024\/05\/1-300x300.jpg\" alt=\"\" width=\"437\" height=\"437\" srcset=\"https:\/\/ptdl.pl\/ptdl\/wp-content\/uploads\/2024\/05\/1-300x300.jpg 300w, https:\/\/ptdl.pl\/ptdl\/wp-content\/uploads\/2024\/05\/1-80x80.jpg 80w, https:\/\/ptdl.pl\/ptdl\/wp-content\/uploads\/2024\/05\/1-36x36.jpg 36w, https:\/\/ptdl.pl\/ptdl\/wp-content\/uploads\/2024\/05\/1-180x180.jpg 180w, https:\/\/ptdl.pl\/ptdl\/wp-content\/uploads\/2024\/05\/1.jpg 550w\" sizes=\"auto, (max-width: 437px) 100vw, 437px\" \/><\/p>\n","protected":false},"excerpt":{"rendered":"<p>Szanowni Pa\u0144stwo, Z okazji Dnia Diagnosty Laboratoryjnego \u017cyczymy Wam wytrwa\u0142o\u015bci w codziennej pracy, szacunku i uznania od pacjent\u00f3w, pracodawc\u00f3w i wsp\u00f3\u0142pracownik\u00f3w. Dzi\u0119kujemy za Pa\u0144stwa zaanga\u017cowanie i profesjonalizm. \u017byczymy si\u0142y i zdrowia oraz satysfakcji z wykonywania swojej pracy. &nbsp; Ma\u0142gorzata Zieli\u0144ska-Przyjemska wraz z Zarz\u0105dem Pozna\u0144skiego Oddzia\u0142u PTDL<\/p>\n","protected":false},"author":15,"featured_media":3440,"comment_status":"closed","ping_status":"open","sticky":false,"template":"","format":"standard","meta":{"footnotes":""},"categories":[20],"tags":[],"class_list":["post-3437","post","type-post","status-publish","format-standard","has-post-thumbnail","hentry","category-aktualnosci-oddzial-poznan"],"_links":{"self":[{"href":"https:\/\/ptdl.pl\/index.php\/wp-json\/wp\/v2\/posts\/3437","targetHints":{"allow":["GET"]}}],"collection":[{"href":"https:\/\/ptdl.pl\/index.php\/wp-json\/wp\/v2\/posts"}],"about":[{"href":"https:\/\/ptdl.pl\/index.php\/wp-json\/wp\/v2\/types\/post"}],"author":[{"embeddable":true,"href":"https:\/\/ptdl.pl\/index.php\/wp-json\/wp\/v2\/users\/15"}],"replies":[{"embeddable":true,"href":"https:\/\/ptdl.pl\/index.php\/wp-json\/wp\/v2\/comments?post=3437"}],"version-history":[{"count":4,"href":"https:\/\/ptdl.pl\/index.php\/wp-json\/wp\/v2\/posts\/3437\/revisions"}],"predecessor-version":[{"id":3445,"href":"https:\/\/ptdl.pl\/index.php\/wp-json\/wp\/v2\/posts\/3437\/revisions\/3445"}],"wp:featuredmedia":[{"embeddable":true,"href":"https:\/\/ptdl.pl\/index.php\/wp-json\/wp\/v2\/media\/3440"}],"wp:attachment":[{"href":"https:\/\/ptdl.pl\/index.php\/wp-json\/wp\/v2\/media?parent=3437"}],"wp:term":[{"taxonomy":"category","embeddable":true,"href":"https:\/\/ptdl.pl\/index.php\/wp-json\/wp\/v2\/categories?post=3437"},{"taxonomy":"post_tag","embeddable":true,"href":"https:\/\/ptdl.pl\/index.php\/wp-json\/wp\/v2\/tags?post=3437"}],"curies":[{"name":"wp","href":"https:\/\/api.w.org\/{rel}","templated":true}]}}