{"id":3706,"date":"2024-10-05T13:01:48","date_gmt":"2024-10-05T11:01:48","guid":{"rendered":"https:\/\/ptdl.pl\/?p=3706"},"modified":"2024-10-05T13:01:48","modified_gmt":"2024-10-05T11:01:48","slug":"vii-konferencja-naukowo-szkoleniowa-ogolnopolskiego-stowarzyszenia-kierownikow-medycznych-laboratoriow-diagnostycznych-rola-medycznych-laboratoriow-diagnostycznych-oraz-kierownikow-mld-w-syst","status":"publish","type":"post","link":"https:\/\/ptdl.pl\/index.php\/2024\/10\/05\/vii-konferencja-naukowo-szkoleniowa-ogolnopolskiego-stowarzyszenia-kierownikow-medycznych-laboratoriow-diagnostycznych-rola-medycznych-laboratoriow-diagnostycznych-oraz-kierownikow-mld-w-syst\/","title":{"rendered":"VII Konferencja naukowo-szkoleniowa Og\u00f3lnopolskiego Stowarzyszenia Kierownik\u00f3w Medycznych Laboratori\u00f3w Diagnostycznych \u201eRola medycznych laboratori\u00f3w diagnostycznych oraz Kierownik\u00f3w MLD w systemie ochrony zdrowia\u201d"},"content":{"rendered":"<p>Szanowni Pa\u0144stwo !<br \/>\nW dniach 21- 22.11.2024r., w Hotelu \u201c\u015al\u0105sk\u201d we Wroc\u0142awiu, odb\u0119dzie Og\u00f3lnopolska Konferencja<br \/>\nNaukowo-Szkoleniowa Og\u00f3lnopolskiego Stowarzyszenia Kierownik\u00f3w MLD.<br \/>\nZa udzia\u0142 w konferencji przewidziane s\u0105 punkty edukacyjne \u2013 8 punkt\u00f3w.<br \/>\nSzczeg\u00f3\u0142y dotycz\u0105ce rejestracji i koszt\u00f3w oraz formularz zg\u0142oszeniowy jest dost\u0119pny na stronie<br \/>\ninternetowej:<br \/>\nKonferencja Wroc\u0142aw 2024 (ampulco.eu)<\/p>\n<p><strong>21-22.11.2024 r. <\/strong><\/p>\n<p><em>Wroc\u0142aw \u2013 hotel \u201c\u015al\u0105sk\u201d <\/em><\/p>\n<p><strong>21.11.2024 CZWARTEK <\/strong><\/p>\n<p><strong>09:00 \u2013 9:45 <\/strong>Przyjazd i rejestracja uczestnik\u00f3w<\/p>\n<p><strong>9:45 Otwarcie wystawy Producent\u00f3w i Dystrybutor\u00f3w Diagnostyki Laboratoryjnej. <\/strong><\/p>\n<p><strong>10:15 \u2013 10:30 Otwarcie konferencji. Przywitanie go\u015bci. <\/strong><\/p>\n<p><em>Renata Zygmuntowicz \u2013 Ani\u015bko, Prezes OSKMLD <\/em><\/p>\n<p><strong>10:30 \u2013 10:50 Droga do szcz\u0119\u015bcia poprzez psychoterapi\u0119 pozytywn\u0105. <\/strong><\/p>\n<p><em>dr Brygida Beck, BBMED <\/em><\/p>\n<p><strong>10:50 \u2013 11:15 Problemy organizacyjne MLD w wojew\u00f3dztwie dolno\u015bl\u0105skim w odniesieniu do Ustawy <\/strong><\/p>\n<p>o Medycynie Laboratoryjnej.<\/p>\n<p><em>dr Jacek Majda , konsultant wojew\u00f3dzki, Dolny \u015al\u0105sk <\/em><\/p>\n<p><strong>11:15 \u2013 11:35 <\/strong>Nowe standardy akredytacyjne dla szpitali w publikacji NFZ.<\/p>\n<p><em>prof. Izabela Witczak, CMJ <\/em><\/p>\n<p><strong>11:35 \u2013 11:55 <\/strong>Specjalizacje dla diagnost\u00f3w laboratoryjnych \u2013 nowe wytyczne.<\/p>\n<p><em>dr Olga Loska, Przewodnicz\u0105ca PTDL O\/Wroc\u0142aw <\/em><\/p>\n<p><strong>11:55 \u2013 12:20 <\/strong>Organizacja specjalizacji dla diagnost\u00f3w laboratoryjnych \u2013 wyzwania i problemy.<\/p>\n<p><em>prof. Iwona Bil-Lula, UM we Wroc\u0142awiu <\/em><\/p>\n<p><strong>12:20 \u2013 12:40 Znaczenie i nowe wyzwania dla laboratori\u00f3w mikrobiologicznych we wsp\u00f3\u0142czesnych <\/strong><\/p>\n<p>szpitalach.<\/p>\n<p><em>dr Beata Kowalska-Krochmal, UM we Wroc\u0142awiu <\/em><\/p>\n<p><strong>12:40 \u2013 13:10 Biochemia zap\u0142odnienia. Rola glikoprotein. <\/strong><\/p>\n<p><em>prof. Lech Chrostek, prof. S\u0142awomir \u0141awicki, UM w Bia\u0142ymstoku <\/em><\/p>\n<p><strong>13.10 \u2013 14:10 Przerwa na lunch <\/strong><\/p>\n<p><strong>14:10 \u2013 14:30 <\/strong>Moje do\u015bwiadczenie w Uniwersytecie III Wieku.<\/p>\n<p><em>dr El\u017cbieta Klausa, UTW ,Uniwersytet Wroc\u0142awski <\/em><\/p>\n<p><strong>14:30 \u2013 14:50 Nowe rekomendacje HPV w kontek\u015bcie porady diagnostycznej. <\/strong><\/p>\n<p><em>dr Monika Jab\u0142onowska, konsultant wojew\u00f3dzki, Mazowsze <\/em><\/p>\n<p><strong>14:50 \u2013 15:20 <\/strong>Rola diagnostyki laboratoryjnej w profilaktyce. Wst\u0119pna ocena programu Profilaktyka 40+: wyniki, wnioski i propozycje na przysz\u0142o\u015b\u0107.<\/p>\n<p>dr <em>Tomasz Anyszek, Diagnostyka <\/em><\/p>\n<p><strong>15:20 \u2013 15:40 <\/strong>Diagnosta laboratoryjny i kierownik MLD w aktualnym otoczeniu prawnym.<\/p>\n<p><em>dr El\u017cbieta Rabsztyn, konsultant wojew\u00f3dzki, \u015al\u0105sk <\/em><\/p>\n<p><strong>15:40\u2013 16:10 <\/strong>Ustawa o ochronie sygnalist\u00f3w \u2013 podstawowe obowi\u0105zki.<\/p>\n<p><em>mec. Wojciech Powro\u017anik, mec. Aleksandra Dynerowicz <\/em><\/p>\n<p><strong>16:10 &#8211; 18:00 panel dyskusyjny <em>Diagnosta Laboratoryjny w dzisiejszym i przysz\u0142ym systemie <\/em><\/strong><\/p>\n<p><em>R.Zygmuntowicz, J.Majda, E. Rabsztyn, T. Anyszek, M. Jab\u0142onowska <\/em><\/p>\n<p><strong>18:00 &#8211; 19:30 Zebranie sprawozdawcze OSKMLD <\/strong><\/p>\n<p><strong>20:00 <\/strong>kolacja<\/p>\n<p><strong>22.11.2024 PI\u0104TEK <\/strong><\/p>\n<p><strong>08:00 \u2013 10:00 <\/strong>\u015bniadanie<\/p>\n<p><strong>10:00 \u2013 10:20 <\/strong>Wyk\u0142ad firmowy<\/p>\n<p><strong>10:20 \u2013 11:40 <\/strong>Rekomendacje dla fazy przedanalitycznej &#8211; zadanie dla komisji KRDL.<\/p>\n<p><em>Dawid Radziszewski, KIDL <\/em><\/p>\n<p><strong>11:40 \u2013 12:00 <\/strong>Skuteczniej i bezpieczniej samemu czy w zespole interdyscyplinarnym? Z \u017cycia oddzia\u0142u.<\/p>\n<p><em>Monika Krzyszto\u0144, farmakolog kliniczny USK we Wroc\u0142awiu <\/em><\/p>\n<p><strong>12:00 \u2013 12:20 <\/strong>Rozwi\u0105zania organizacyjne \u015bwiadcze\u0144 z zakresu medycyny laboratoryjnej w innych krajach.<\/p>\n<p><em>dr Ewa Leporowska, Wiceprezes OSKMLD <\/em><\/p>\n<p><strong>12:20 \u2013 12:40 <\/strong>Dyskusja podsumowuj\u0105ca konferencj\u0119<\/p>\n<p><em>moderator: Renata Zygmuntowicz \u2013 Ani\u015bko <\/em><\/p>\n","protected":false},"excerpt":{"rendered":"<p>Szanowni Pa\u0144stwo ! W dniach 21- 22.11.2024r., w Hotelu \u201c\u015al\u0105sk\u201d we Wroc\u0142awiu, odb\u0119dzie Og\u00f3lnopolska Konferencja Naukowo-Szkoleniowa Og\u00f3lnopolskiego Stowarzyszenia Kierownik\u00f3w MLD. Za udzia\u0142 w konferencji przewidziane s\u0105 punkty edukacyjne \u2013 8 punkt\u00f3w. Szczeg\u00f3\u0142y dotycz\u0105ce rejestracji i koszt\u00f3w oraz formularz zg\u0142oszeniowy jest dost\u0119pny na stronie internetowej: Konferencja Wroc\u0142aw 2024 (ampulco.eu) 21-22.11.2024 r. Wroc\u0142aw \u2013 hotel \u201c\u015al\u0105sk\u201d 21.11.2024 [&hellip;]<\/p>\n","protected":false},"author":20,"featured_media":3009,"comment_status":"closed","ping_status":"open","sticky":false,"template":"","format":"standard","meta":{"footnotes":""},"categories":[25],"tags":[],"class_list":["post-3706","post","type-post","status-publish","format-standard","has-post-thumbnail","hentry","category-aktualnosci-oddzial-wroclaw"],"_links":{"self":[{"href":"https:\/\/ptdl.pl\/index.php\/wp-json\/wp\/v2\/posts\/3706","targetHints":{"allow":["GET"]}}],"collection":[{"href":"https:\/\/ptdl.pl\/index.php\/wp-json\/wp\/v2\/posts"}],"about":[{"href":"https:\/\/ptdl.pl\/index.php\/wp-json\/wp\/v2\/types\/post"}],"author":[{"embeddable":true,"href":"https:\/\/ptdl.pl\/index.php\/wp-json\/wp\/v2\/users\/20"}],"replies":[{"embeddable":true,"href":"https:\/\/ptdl.pl\/index.php\/wp-json\/wp\/v2\/comments?post=3706"}],"version-history":[{"count":2,"href":"https:\/\/ptdl.pl\/index.php\/wp-json\/wp\/v2\/posts\/3706\/revisions"}],"predecessor-version":[{"id":3708,"href":"https:\/\/ptdl.pl\/index.php\/wp-json\/wp\/v2\/posts\/3706\/revisions\/3708"}],"wp:featuredmedia":[{"embeddable":true,"href":"https:\/\/ptdl.pl\/index.php\/wp-json\/wp\/v2\/media\/3009"}],"wp:attachment":[{"href":"https:\/\/ptdl.pl\/index.php\/wp-json\/wp\/v2\/media?parent=3706"}],"wp:term":[{"taxonomy":"category","embeddable":true,"href":"https:\/\/ptdl.pl\/index.php\/wp-json\/wp\/v2\/categories?post=3706"},{"taxonomy":"post_tag","embeddable":true,"href":"https:\/\/ptdl.pl\/index.php\/wp-json\/wp\/v2\/tags?post=3706"}],"curies":[{"name":"wp","href":"https:\/\/api.w.org\/{rel}","templated":true}]}}