{"id":3725,"date":"2024-10-09T13:19:18","date_gmt":"2024-10-09T11:19:18","guid":{"rendered":"https:\/\/ptdl.pl\/?p=3725"},"modified":"2024-10-09T13:20:06","modified_gmt":"2024-10-09T11:20:06","slug":"warszawsko-lubelsko-swietokrzyska-jesien-diagnostyczna-17-18-10-2024-starachowice","status":"publish","type":"post","link":"https:\/\/ptdl.pl\/index.php\/2024\/10\/09\/warszawsko-lubelsko-swietokrzyska-jesien-diagnostyczna-17-18-10-2024-starachowice\/","title":{"rendered":"Warszawsko-Lubelsko-\u015awi\u0119tokrzyska Jesie\u0144 Diagnostyczna 17-18.10.2024 Starachowice"},"content":{"rendered":"<p><img loading=\"lazy\" decoding=\"async\" class=\"alignnone size-medium wp-image-3726\" src=\"https:\/\/ptdl.pl\/ptdl\/wp-content\/uploads\/2024\/10\/14-pkt-edukacyjnych-300x169.jpg\" alt=\"\" width=\"300\" height=\"169\" srcset=\"https:\/\/ptdl.pl\/ptdl\/wp-content\/uploads\/2024\/10\/14-pkt-edukacyjnych-300x169.jpg 300w, https:\/\/ptdl.pl\/ptdl\/wp-content\/uploads\/2024\/10\/14-pkt-edukacyjnych-1030x579.jpg 1030w, https:\/\/ptdl.pl\/ptdl\/wp-content\/uploads\/2024\/10\/14-pkt-edukacyjnych-768x432.jpg 768w, https:\/\/ptdl.pl\/ptdl\/wp-content\/uploads\/2024\/10\/14-pkt-edukacyjnych-705x397.jpg 705w, https:\/\/ptdl.pl\/ptdl\/wp-content\/uploads\/2024\/10\/14-pkt-edukacyjnych.jpg 1280w\" sizes=\"auto, (max-width: 300px) 100vw, 300px\" \/><\/p>\n<p>Zapraszamy ju\u017c 17 pa\u017adziernika do Starachowic! Mi\u0142o nam poinformowa\u0107, \u017ce za udzia\u0142 w Konferencji przys\u0142uguje 14 punkt\u00f3w edukacyjnych!<\/p>\n","protected":false},"excerpt":{"rendered":"<p>Zapraszamy ju\u017c 17 pa\u017adziernika do Starachowic! Mi\u0142o nam poinformowa\u0107, \u017ce za udzia\u0142 w Konferencji przys\u0142uguje 14 punkt\u00f3w edukacyjnych!<\/p>\n","protected":false},"author":19,"featured_media":3726,"comment_status":"closed","ping_status":"open","sticky":false,"template":"","format":"standard","meta":{"footnotes":""},"categories":[12,15,24,28],"tags":[],"class_list":["post-3725","post","type-post","status-publish","format-standard","has-post-thumbnail","hentry","category-aktualnosci-oddzial-kielce","category-aktualnosci-oddzial-lublin","category-aktualnosci-oddzial-warszawa","category-konferencje"],"_links":{"self":[{"href":"https:\/\/ptdl.pl\/index.php\/wp-json\/wp\/v2\/posts\/3725","targetHints":{"allow":["GET"]}}],"collection":[{"href":"https:\/\/ptdl.pl\/index.php\/wp-json\/wp\/v2\/posts"}],"about":[{"href":"https:\/\/ptdl.pl\/index.php\/wp-json\/wp\/v2\/types\/post"}],"author":[{"embeddable":true,"href":"https:\/\/ptdl.pl\/index.php\/wp-json\/wp\/v2\/users\/19"}],"replies":[{"embeddable":true,"href":"https:\/\/ptdl.pl\/index.php\/wp-json\/wp\/v2\/comments?post=3725"}],"version-history":[{"count":2,"href":"https:\/\/ptdl.pl\/index.php\/wp-json\/wp\/v2\/posts\/3725\/revisions"}],"predecessor-version":[{"id":3728,"href":"https:\/\/ptdl.pl\/index.php\/wp-json\/wp\/v2\/posts\/3725\/revisions\/3728"}],"wp:featuredmedia":[{"embeddable":true,"href":"https:\/\/ptdl.pl\/index.php\/wp-json\/wp\/v2\/media\/3726"}],"wp:attachment":[{"href":"https:\/\/ptdl.pl\/index.php\/wp-json\/wp\/v2\/media?parent=3725"}],"wp:term":[{"taxonomy":"category","embeddable":true,"href":"https:\/\/ptdl.pl\/index.php\/wp-json\/wp\/v2\/categories?post=3725"},{"taxonomy":"post_tag","embeddable":true,"href":"https:\/\/ptdl.pl\/index.php\/wp-json\/wp\/v2\/tags?post=3725"}],"curies":[{"name":"wp","href":"https:\/\/api.w.org\/{rel}","templated":true}]}}