{"id":3969,"date":"2024-11-26T13:52:04","date_gmt":"2024-11-26T12:52:04","guid":{"rendered":"https:\/\/ptdl.pl\/?p=3969"},"modified":"2024-11-26T13:52:04","modified_gmt":"2024-11-26T12:52:04","slug":"oddzial-lubelski-ptdl-mikolajkowe-posiedzenie-naukowo-szkoleniowe-6-grudnia-2024-r","status":"publish","type":"post","link":"https:\/\/ptdl.pl\/index.php\/2024\/11\/26\/oddzial-lubelski-ptdl-mikolajkowe-posiedzenie-naukowo-szkoleniowe-6-grudnia-2024-r\/","title":{"rendered":"Oddzia\u0142 Lubelski PTDL &#8211; Miko\u0142ajkowe posiedzenie naukowo-szkoleniowe &#8211; 6 grudnia 2024 r."},"content":{"rendered":"<p style=\"text-align: center\"><strong><em><span style=\"font-size: 21px\">Szanowni Pa\u0144stwo,<\/span><\/em><\/strong><\/p>\n<p style=\"text-align: center\">Krajowa Izba Diagnost\u00f3w Laboratoryjnych oraz Zarz\u0105d Oddzia\u0142u Lubelskiego PTDL serdecznie zapraszaj\u0105 do udzia\u0142u w Miko\u0142ajkowo-\u015awi\u0105tecznym posiedzeniu naukowo-szkoleniowym, kt\u00f3re odb\u0119dzie si\u0119 w dniu<\/p>\n<p style=\"text-align: center\"><span style=\"font-size: 21px\"><strong>6 grudnia 2024 r., o godzinie 13:00<br \/>\n<\/strong><strong>w Auli wyk\u0142adowej Uniwersyteckiego Szpitala Dzieci\u0119cego w Lublinie.<\/strong><\/span><\/p>\n<p>&nbsp;<\/p>\n<p style=\"text-align: center\"><span style=\"text-decoration: underline\">Agenda spotkania:<\/span><br \/>\n<em><strong>Genetyka i parazytologia jako narz\u0119dzie diagnostyczne w r\u0119kach diagnost\u00f3w laboratoryjnych<\/strong><\/em><\/p>\n<div><\/div>\n<div><\/div>\n<p style=\"text-align: center\"><em><strong>1. Sprawy bie\u017c\u0105ce KIDL<\/strong><\/em><br \/>\nmgr Anna Lipnicka<br \/>\n<em><span style=\"font-size: 14px\">Wiceprezes KRDL <\/span><\/em><\/p>\n<p style=\"text-align: center\"><em><strong>2. Co nas czeka w 2025 roku &#8211; przygotowania do obchod\u00f3w jubileuszu 30-lecia Analityki Medycznej <\/strong><strong>oraz 60-lecia Oddzia\u0142u Lubelskiego PTDL<\/strong><\/em><br \/>\ndr Dariusz Duma<br \/>\n<em><span style=\"font-size: 14px\">Przewodnicz\u0105cy Oddzia\u0142u Lubelskiego PTDL<\/span><\/em><\/p>\n<p style=\"text-align: center\"><em><strong>3. Co u rzecznika odpowiedzialno\u015bci zawodowej?<\/strong><\/em><br \/>\nmgr Agnieszka Choj\u0119ta<br \/>\n<em><span style=\"font-size: 14px\"> Z-ca rzecznika odpowiedzialno\u015bci zawodowej KIDL<\/span> <\/em><\/p>\n<p style=\"text-align: center\"><strong><em>4. Diagnostyka genetyczna w ostrej bia\u0142aczce limfoblastycznej u dzieci &#8211; wsp\u00f3\u0142czesny dialog diagnosta &#8211; lekarz klinicysta.<\/em><\/strong><br \/>\ndr hab. n. med. Monika\u00a0Lejman, prof. UM<br \/>\n<span style=\"font-size: 14px\"><em>Kierownik Dzia\u0142u Diagnostyki Genetycznej Uniwersyteckiego Szpitala Dzieci\u0119cego <\/em><\/span><br \/>\n<span style=\"font-size: 14px\"><em>i Samodzielnej Pracowni Diagnostyki Genetycznej Katedry Pediatrii UM w Lublinie<\/em><\/span><\/p>\n<p style=\"text-align: center\"><strong><em>5. Parazytolog &#8211; Sherlock Holmes w diagnostyce parazytologicznej<\/em><\/strong><em>.<br \/>\n<\/em>dr hab. n. med. i n. o zdr.\u00a0Przemys\u0142aw\u00a0Ko\u0142odziej, prof. UM<br \/>\n<em><span style=\"font-size: 14px\">Pracownia Diagnostyki Parazytologicznej<\/span><\/em><br \/>\n<em><span style=\"font-size: 14px\">Katedra i Zak\u0142ad Biologii z Genetyk\u0105 UM w Lublinie<\/span><\/em><\/p>\n<p style=\"text-align: center\"><strong><em>6. Molecular tumor board- rola diagnosty laboratoryjnego.<br \/>\n<\/em><\/strong>dr hab. n. med. Anna Grenda<br \/>\n<em><span style=\"font-size: 14px\">Pracownia Immunologii i Genetyki<\/span><\/em><br \/>\n<em><span style=\"font-size: 14px\">Katedra i Klinika Pneumonologii, Onkologii i Alergologii UM w Lublinie.<\/span><\/em><\/p>\n<p style=\"text-align: center\"><strong><span style=\"color: #ff0000\"><em><span style=\"font-size: 21px\">Po spotkaniu zapraszamy na \u015bwi\u0105teczny pocz\u0119stunek.<\/span><\/em><\/span><\/strong><\/p>\n<p style=\"text-align: center\"><strong><span style=\"color: #ff0000\"><em><span style=\"font-size: 21px\">Serdecznie zapraszamy!!!<\/span><\/em><\/span><\/strong><\/p>\n","protected":false},"excerpt":{"rendered":"<p>Szanowni Pa\u0144stwo, Krajowa Izba Diagnost\u00f3w Laboratoryjnych oraz Zarz\u0105d Oddzia\u0142u Lubelskiego PTDL serdecznie zapraszaj\u0105 do udzia\u0142u w Miko\u0142ajkowo-\u015awi\u0105tecznym posiedzeniu naukowo-szkoleniowym, kt\u00f3re odb\u0119dzie si\u0119 w dniu 6 grudnia 2024 r., o godzinie 13:00 w Auli wyk\u0142adowej Uniwersyteckiego Szpitala Dzieci\u0119cego w Lublinie. &nbsp; Agenda spotkania: Genetyka i parazytologia jako narz\u0119dzie diagnostyczne w r\u0119kach diagnost\u00f3w laboratoryjnych 1. Sprawy bie\u017c\u0105ce [&hellip;]<\/p>\n","protected":false},"author":10,"featured_media":3970,"comment_status":"closed","ping_status":"open","sticky":false,"template":"","format":"standard","meta":{"footnotes":""},"categories":[15,26],"tags":[],"class_list":["post-3969","post","type-post","status-publish","format-standard","has-post-thumbnail","hentry","category-aktualnosci-oddzial-lublin","category-aktualnosci-oddzialy-terenowe"],"_links":{"self":[{"href":"https:\/\/ptdl.pl\/index.php\/wp-json\/wp\/v2\/posts\/3969","targetHints":{"allow":["GET"]}}],"collection":[{"href":"https:\/\/ptdl.pl\/index.php\/wp-json\/wp\/v2\/posts"}],"about":[{"href":"https:\/\/ptdl.pl\/index.php\/wp-json\/wp\/v2\/types\/post"}],"author":[{"embeddable":true,"href":"https:\/\/ptdl.pl\/index.php\/wp-json\/wp\/v2\/users\/10"}],"replies":[{"embeddable":true,"href":"https:\/\/ptdl.pl\/index.php\/wp-json\/wp\/v2\/comments?post=3969"}],"version-history":[{"count":7,"href":"https:\/\/ptdl.pl\/index.php\/wp-json\/wp\/v2\/posts\/3969\/revisions"}],"predecessor-version":[{"id":4511,"href":"https:\/\/ptdl.pl\/index.php\/wp-json\/wp\/v2\/posts\/3969\/revisions\/4511"}],"wp:featuredmedia":[{"embeddable":true,"href":"https:\/\/ptdl.pl\/index.php\/wp-json\/wp\/v2\/media\/3970"}],"wp:attachment":[{"href":"https:\/\/ptdl.pl\/index.php\/wp-json\/wp\/v2\/media?parent=3969"}],"wp:term":[{"taxonomy":"category","embeddable":true,"href":"https:\/\/ptdl.pl\/index.php\/wp-json\/wp\/v2\/categories?post=3969"},{"taxonomy":"post_tag","embeddable":true,"href":"https:\/\/ptdl.pl\/index.php\/wp-json\/wp\/v2\/tags?post=3969"}],"curies":[{"name":"wp","href":"https:\/\/api.w.org\/{rel}","templated":true}]}}