{"id":4327,"date":"2025-02-13T17:37:49","date_gmt":"2025-02-13T16:37:49","guid":{"rendered":"https:\/\/ptdl.pl\/?p=4327"},"modified":"2025-03-15T13:05:17","modified_gmt":"2025-03-15T12:05:17","slug":"kolejne-spotkania-naukowo-szkoleniowe-w-krakowie","status":"publish","type":"post","link":"https:\/\/ptdl.pl\/index.php\/2025\/02\/13\/kolejne-spotkania-naukowo-szkoleniowe-w-krakowie\/","title":{"rendered":"Sympozjum naukowo-szkoleniowe\/ oddzia\u0142 Krak\u00f3w  -29 marca 2025 r."},"content":{"rendered":"<p style=\"text-align: center\"><strong>Sympozjum naukowo-szkoleniowe\/ oddzia\u0142 Krak\u00f3w<\/strong><\/p>\n<p style=\"text-align: center\"><strong>-29 marca 2025<\/strong><\/p>\n<p style=\"text-align: center\">PTDL Oddzia\u0142 Krak\u00f3w zaprasza na<\/p>\n<p style=\"text-align: center\">Sympozjum naukowo-szkoleniowe pt:<\/p>\n<p style=\"text-align: center\"><span style=\"color: #ff0000;font-size: 18px\"><strong>Nowoczesna diagnostyka neuroimmunologiczna: rola nowych test\u00f3w laboratoryjnych w wybranych chorobach neurologicznych<\/strong><\/span><\/p>\n<p style=\"text-align: center\"><strong>\u00a0<\/strong><\/p>\n<p style=\"text-align: center\"><span style=\"color: #0000ff\"><strong><u>Sobota 29 marca 2025r. godz. 9.00<\/u><\/strong><\/span><\/p>\n<p style=\"text-align: center\"><span style=\"color: #0000ff\"><strong>Lokalizacja: Aula wyk\u0142adowa Katedry Anatomii CM UJ ul. Kopernika 12<\/strong><\/span><\/p>\n<p style=\"text-align: center\"><strong>9.00<\/strong>\u2013 Powitanie uczestnik\u00f3w: dr n. biol. Anna Z\u0105bek-Adamska- Przewodnicz\u0105ca Oddzia\u0142u \u2013Krak\u00f3w<\/p>\n<p style=\"text-align: center\"><strong>9.15-9.45 \u2013\u00a0<\/strong><em>Wykorzystanie ilo\u015bciowego oznaczania \u0142a\u0144cucha lekkiego neurofilamentu (NfL) w surowicy w chorobach neurologicznych<\/em><em> ze szczeg\u00f3lnym uwzgl\u0119dnieniem stwardnienia rozsianego (SM)<\/em>\u2013 lek. Micha\u0142 Korze\u0144ski, Oddzia\u0142 Neurologii z Pododdzia\u0142em Leczenia Udar\u00f3w M\u00f3zgu, Szpital Specjalistyczny im. J. Dietla w Krakowie.\u00a0 (Wyk\u0142ad sponsorowany przez <em>Siemens Healthcare Sp. z o.o)<\/em><\/p>\n<p style=\"text-align: center\"><strong>9.45 -10.15-\u00a0<\/strong> <em>Diagnostyka SM w oparciu o najnowszy test \u201e<\/em><em>Neurofilament Light Chain (NfL)<\/em>\u2013 dr in\u017c. Karol Tu\u015bnio, <em>Siemens Healthcare<\/em><\/p>\n<p style=\"text-align: center\"><em>\u00a0<\/em><em>\u00a0<\/em><\/p>\n<p style=\"text-align: center\"><strong><em>10.15- 10.45-\u00a0 Przerwa kawowa<\/em><\/strong><\/p>\n<p style=\"text-align: center\"><strong>10.45-11.15-\u00a0<\/strong><em>Choroby nerwowo-mi\u0119\u015bniowe \u2013 nowe mo\u017cliwo\u015bci w \u015bwietle bada\u0144 immunologicznych<\/em> \u2013 dr n. med. El\u017cbieta Klimiec-Moskal, Oddzia\u0142 Kliniczny Neurologii Szpital Uniwersytecki w Krakowie. (Wyk\u0142ad sponsorowany przez <em>Euroimmun Polska Sp. z o.o)<\/em><strong><em>\u00a0 \u00a0 \u00a0 \u00a0 \u00a0 \u00a0 \u00a0 \u00a0 \u00a0 \u00a0 \u00a0 \u00a0 \u00a0 \u00a0 \u00a0 \u00a0 \u00a0 \u00a0 \u00a0 \u00a0 \u00a0 \u00a0 \u00a0 \u00a0 \u00a0 \u00a0 \u00a0 \u00a0 \u00a0 \u00a0 \u00a0 \u00a0 \u00a0 \u00a0 \u00a0 \u00a0 \u00a0 \u00a0 \u00a0 \u00a0\u00a0<\/em><\/strong><\/p>\n<p style=\"text-align: center\"><strong>11.15-11.45-\u00a0<\/strong><em>Neuroimmunologia-nowo\u015bci w ofercie Euroimmun<\/em> -dr n.med Pawe\u0142 Krzemie\u0144, Kierownik Regionu<\/p>\n<p style=\"text-align: center\"><strong><u>11.45-12.15- Posiedzenie cz\u0142onk\u00f3w Oddzia\u0142u krakowskiego<\/u><\/strong><\/p>\n<p style=\"text-align: center\">\u2013 sprawy bie\u017c\u0105ce w Oddziale- Anna Z\u0105bek-Adamska, Aleksandra Maleszka<\/p>\n<p style=\"text-align: center\"><em>Partnerem w organizacji Sympozjum s\u0105 firmy: Siemens Healthcare Sp. z o.o\u00a0 i\u00a0 \u00a0Euroimmun Polska Sp. z o.o<\/em><\/p>\n<p style=\"text-align: center\">\n","protected":false},"excerpt":{"rendered":"<p>Sympozjum naukowo-szkoleniowe\/ oddzia\u0142 Krak\u00f3w -29 marca 2025 PTDL Oddzia\u0142 Krak\u00f3w zaprasza na Sympozjum naukowo-szkoleniowe pt: Nowoczesna diagnostyka neuroimmunologiczna: rola nowych test\u00f3w laboratoryjnych w wybranych chorobach neurologicznych \u00a0 Sobota 29 marca 2025r. godz. 9.00 Lokalizacja: Aula wyk\u0142adowa Katedry Anatomii CM UJ ul. Kopernika 12 9.00\u2013 Powitanie uczestnik\u00f3w: dr n. biol. Anna Z\u0105bek-Adamska- Przewodnicz\u0105ca Oddzia\u0142u \u2013Krak\u00f3w 9.15-9.45 [&hellip;]<\/p>\n","protected":false},"author":4,"featured_media":4341,"comment_status":"closed","ping_status":"open","sticky":false,"template":"","format":"standard","meta":{"footnotes":""},"categories":[6,14,26,1,28,27],"tags":[],"class_list":["post-4327","post","type-post","status-publish","format-standard","has-post-thumbnail","hentry","category-aktualnosci","category-aktualnosci-oddzial-krakow","category-aktualnosci-oddzialy-terenowe","category-bez-kategorii","category-konferencje","category-kursy-i-szkolenia"],"_links":{"self":[{"href":"https:\/\/ptdl.pl\/index.php\/wp-json\/wp\/v2\/posts\/4327","targetHints":{"allow":["GET"]}}],"collection":[{"href":"https:\/\/ptdl.pl\/index.php\/wp-json\/wp\/v2\/posts"}],"about":[{"href":"https:\/\/ptdl.pl\/index.php\/wp-json\/wp\/v2\/types\/post"}],"author":[{"embeddable":true,"href":"https:\/\/ptdl.pl\/index.php\/wp-json\/wp\/v2\/users\/4"}],"replies":[{"embeddable":true,"href":"https:\/\/ptdl.pl\/index.php\/wp-json\/wp\/v2\/comments?post=4327"}],"version-history":[{"count":8,"href":"https:\/\/ptdl.pl\/index.php\/wp-json\/wp\/v2\/posts\/4327\/revisions"}],"predecessor-version":[{"id":4474,"href":"https:\/\/ptdl.pl\/index.php\/wp-json\/wp\/v2\/posts\/4327\/revisions\/4474"}],"wp:featuredmedia":[{"embeddable":true,"href":"https:\/\/ptdl.pl\/index.php\/wp-json\/wp\/v2\/media\/4341"}],"wp:attachment":[{"href":"https:\/\/ptdl.pl\/index.php\/wp-json\/wp\/v2\/media?parent=4327"}],"wp:term":[{"taxonomy":"category","embeddable":true,"href":"https:\/\/ptdl.pl\/index.php\/wp-json\/wp\/v2\/categories?post=4327"},{"taxonomy":"post_tag","embeddable":true,"href":"https:\/\/ptdl.pl\/index.php\/wp-json\/wp\/v2\/tags?post=4327"}],"curies":[{"name":"wp","href":"https:\/\/api.w.org\/{rel}","templated":true}]}}