{"id":4441,"date":"2025-03-05T13:45:28","date_gmt":"2025-03-05T12:45:28","guid":{"rendered":"https:\/\/ptdl.pl\/?p=4441"},"modified":"2025-04-28T07:33:22","modified_gmt":"2025-04-28T05:33:22","slug":"majowe-spotkania-z-medycyna-laboratoryjna-konferencja-naukowo-szkoleniowa-oddzialow-malopolskiego-swietokrzyskiego-i-podkarpackiego","status":"publish","type":"post","link":"https:\/\/ptdl.pl\/index.php\/2025\/03\/05\/majowe-spotkania-z-medycyna-laboratoryjna-konferencja-naukowo-szkoleniowa-oddzialow-malopolskiego-swietokrzyskiego-i-podkarpackiego\/","title":{"rendered":"Majowe Spotkania z Medycyn\u0105 Laboratoryjn\u0105- Konferencja Naukowo-Szkoleniowa  Oddzia\u0142\u00f3w: Ma\u0142opolskiego, \u015awi\u0119tokrzyskiego i Podkarpackiego"},"content":{"rendered":"<p style=\"text-align: center\"><strong>Szanowni Pa\u0144stwo,\u00a0<\/strong><\/p>\n<p style=\"text-align: center\"><strong>Zapraszamy\u00a0 na konferencj\u0119 naukowo-szkoleniow\u0105 oddzia\u0142\u00f3w: krakowskiego, kieleckiego i rzeszowskiego, pt:<\/strong><\/p>\n<p style=\"text-align: center\"><strong>\u00a0<span style=\"color: #ff0000\"><em>MAJOWE SPOTKANIA Z MEDYCYN\u0104 LABORATORYJN\u0104 &#8211; w Roku Edukacji Zdrowotnej i Profilaktyki<\/em><\/span><\/strong><\/p>\n<p style=\"text-align: center\"><strong>kt\u00f3ra odb\u0119dzie si\u0119 <\/strong><strong>w dn. <span style=\"color: #ff0000\">8-9 maja 2025 r<\/span>,<\/strong><strong> w Hotelu Panorama w Krynicy-Zdr\u00f3j.<\/strong><\/p>\n<p>&nbsp;<\/p>\n<p style=\"text-align: center\"><strong><em><u>AGENDA KONFERENCJI<\/u><\/em><\/strong><\/p>\n<p style=\"text-align: center\"><span style=\"color: #ff0000\"><strong><em><u>Czwartek 8 maja 2025 r.<\/u><\/em><\/strong><\/span><\/p>\n<p>&nbsp;<\/p>\n<p><strong><em><u>11:30 \u2013 12:00 &#8211; Otwarcie Konferencji<\/u>: Dr n. biol. Anna Z\u0105bek-Adamska, mgr Anna Goliszek, Les\u0142aw Kraso\u0144<\/em><\/strong><\/p>\n<p><strong><em><u>Wyk\u0142ad inauguracyjny<\/u>: Rola medycyny laboratoryjnej\u00a0w zdrowiu publicznym<\/em>.<\/strong><\/p>\n<p><strong><em>prof. dr hab. n. med. Katarzyna Winsz-Szczotka<\/em><\/strong>, Katedra i Zak\u0142adu Chemii Klinicznej i Diagnostyki Laboratoryjnej, kierownik Studium Kszta\u0142cenia Podyplomowego Wydzia\u0142u Nauk Farmaceutycznych w Sosnowcu \u015al\u0105skiego Uniwersytetu Medycznego w Katowicach, prezes Polskiego Towarzystwa Diagnostyki Laboratoryjnej.<\/p>\n<p>&nbsp;<\/p>\n<ol>\n<li><strong><em><u>Sesja: Choroby metaboliczne \u2013 im wi\u0119cej kilogram\u00f3w, tym wi\u0119cej problem\u00f3w- medycyna laboratoryjna w kontek\u015bcie prewencji oty\u0142o\u015bci<\/u><\/em><\/strong>\u2013\u00a0 \u00a0 \u00a0 \u00a0 \u00a0 \u00a0 \u00a0 \u00a0 \u00a0 \u00a0 \u00a0 \u00a0 \u00a0 \u00a0 \u00a0 \u00a0 \u00a0 \u00a0 \u00a0 \u00a0 \u00a0 \u00a0 \u00a0 \u00a0 \u00a0 \u00a0 \u00a0 \u00a0 \u00a0 \u00a0 \u00a0<strong><em>prowadz\u0105cy: <\/em><\/strong>prof. dr\u00a0hab. n. med. Bogdan Solnica<\/li>\n<\/ol>\n<p>&nbsp;<\/p>\n<p><strong>12:00 -12:20 Badania laboratoryjne w diagnostyce i ocenie powik\u0142a\u0144 oty\u0142o\u015bci<\/strong> &#8211;\u00a0 \u00a0 \u00a0 \u00a0 \u00a0 \u00a0 \u00a0 \u00a0dr\u00a0hab. n. med. Ma\u0142gorzata Malczewska-Malec prof. UJ, \u00a0Katedra Biochemii Klinicznej, Wydzia\u0142 Lekarski, Collegium Medicum, Uniwersytet Jagiello\u0144ski.<\/p>\n<p><strong>12:20 -12:40 Nowe markery w ocenie powik\u0142a\u0144 metabolicznych oty\u0142o\u015bci &#8211;\u00a0 \u00a0 \u00a0 \u00a0 \u00a0 \u00a0 \u00a0 \u00a0 \u00a0 \u00a0 \u00a0 \u00a0 \u00a0 \u00a0 \u00a0 \u00a0 \u00a0 \u00a0 \u00a0 \u00a0 \u00a0 \u00a0<\/strong>Dr n. med. Joanna G\u00f3ralska, Katedra Biochemii Klinicznej, Wydzia\u0142 Lekarski, Collegium Medicum, Uniwersytet Jagiello\u0144ski.<\/p>\n<p><strong>12:40 -13:00 Biochemia kliniczna zespo\u0142u sercowo-nerkowo-metabolicznego-\u00a0 \u00a0 \u00a0 \u00a0 \u00a0 \u00a0 \u00a0 \u00a0<\/strong>prof.\u00a0dr\u00a0hab. n. med. Bogdan Solnica, Katedra Biochemii Klinicznej, Wydzia\u0142 Lekarski, Collegium Medicum, Uniwersytet Jagiello\u0144ski.<strong><em><u>\u00a0<\/u><\/em><\/strong><\/p>\n<p><span style=\"color: #0000ff\"><strong><em>13:00- 13.15 <\/em>&#8211; Przysz\u0142o\u015b\u0107 preanalityki- automatyczny transport ma\u0142ych pr\u00f3bek klinicznych z oddzia\u0142u do laboratorium- mgr Piotr Bodziony, <em>Sarstedt Polska Sp. z o.o<\/em><\/strong><\/span><\/p>\n<p><strong><em>\u00a0<\/em><\/strong><span style=\"color: #008000\"><strong><em>13:15 -14.15 LUNCH<\/em><\/strong><\/span><\/p>\n<p><strong><em>\u00a0<\/em><\/strong><\/p>\n<ol start=\"2\">\n<li><strong><em><u>Sesja: Prewencja Zdrowia w Medycynie Podr\u00f3\u017cy \u2013 Rola Profilaktyki w Zachowaniu Dobrostanu Podr\u00f3\u017cnych,<\/u> prowadz\u0105cy: <\/em><\/strong> dr hab. med. Daniel M\u0142ocicki<\/li>\n<\/ol>\n<p><strong>14.15<\/strong> <strong>\u2013 14:35<\/strong> <strong>\u015awiat paso\u017cyt\u00f3w i paso\u017cyty w \u015bwiecie, czyli czy jest si\u0119 czego obawia\u0107?<\/strong>&#8211;\u00a0 \u00a0 \u00a0 \u00a0 \u00a0 \u00a0 \u00a0 \u00a0 \u00a0 \u00a0 Prof. dr hab. med. Daniel M\u0142ocicki, Dyrektor Centrum Bada\u0144 Biostruktury, Kierownik Zak\u0142adu Biologii Og\u00f3lnej i Parazytologii, Redaktor naczelny Acta Parasitologica, Uniwersytet Medyczny w Warszawie.<\/p>\n<p><strong>14.35<\/strong> <strong>\u2013 14:55<\/strong> <strong>Seksturystyka &#8211; realny problem, czy zabawna legenda?-\u00a0 \u00a0 \u00a0 \u00a0 \u00a0 \u00a0 \u00a0 \u00a0 \u00a0 \u00a0 \u00a0 \u00a0 \u00a0 \u00a0 \u00a0 \u00a0 \u00a0 \u00a0 \u00a0 \u00a0 \u00a0 \u00a0 \u00a0 \u00a0 \u00a0<\/strong>Dr n.med. Dominika Salamon, Zak\u0142ad Molekularnej Mikrobiologii Medycznej, Katedra Mikrobiologii, Wydzia\u0142 Lekarski, Uniwersytet Jagiello\u0144ski Collegium Medicum; Poradnia Chor\u00f3b Zaka\u017anych,\u00a0 5 Wojskowy Szpital Kliniczny z Poliklinik\u0105 SPZOZ w Krakowie.<\/p>\n<p><strong>14:55 \u2013 15:15<\/strong> <strong>Czy ka\u017cdy celebryta ma swojego paso\u017cyta \u2013 Ocena cz\u0119sto\u015bci zara\u017ce\u0144 paso\u017cytami jelitowymi mieszka\u0144c\u00f3w Ma\u0142opolski w latach 2020- 2023<\/strong> &#8211;\u00a0 \u00a0 \u00a0 \u00a0 \u00a0 \u00a0 \u00a0 \u00a0 \u00a0 \u00a0 \u00a0 \u00a0 \u00a0 \u00a0 \u00a0 \u00a0 \u00a0 \u00a0 \u00a0 \u00a0 \u00a0 \u00a0 \u00a0 \u00a0 \u00a0 mgr Anna Lisowska \u2013 Pracownia Parazytologii MDL Diagnostyka S.A w Krakowie.<\/p>\n<p><strong>15:15 \u2013 15:35<\/strong> <strong>Pacjent wracaj\u0105cy z podr\u00f3\u017cy &#8211; co innego w diagnostyce<\/strong> -Dr n. med. Lidia Stopyra, Kierownik Kliniki Chor\u00f3b Infekcyjnych i Tropikalnych UAFM, Oddzia\u0142 Chor\u00f3b Infekcyjnych i Pediatrii, Szpital Specjalistyczny im. S. \u017beromskiego w Krakowie- wyk\u0142ad transmitowany<\/p>\n<p><span style=\"color: #0000ff\"><strong><em>15:35-15:50<\/em><\/strong> \u2013 <strong>\u00a0Skuteczna i czu\u0142a diagnostyka boreliozy w \u015bwietle aktualnych rekomendacji- mgr Izabela D\u0105bek, <em>BIO-MAR Diagnostyka Sp. z o.o<\/em><\/strong><\/span><\/p>\n<p><strong><em>\u00a0<\/em><\/strong><\/p>\n<p><span style=\"color: #008000\"><strong><em>15:50 \u2013 16:10 Przerwa kawowa <\/em><\/strong><\/span><\/p>\n<p><strong><em>\u00a0<\/em><\/strong><\/p>\n<ol start=\"3\">\n<li><strong><em>Sesja: Zdrowie Kobiety i M\u0119\u017cczyzny &#8211; Interdyscyplinarne Podej\u015bcie do Diagnostyki, Profilaktyki i Edukacji Zdrowotnej; prowadz\u0105cy: <\/em><\/strong>Dr n. med Urszula Rychlik,\u00a0 mgr Anna Goliszek<\/li>\n<\/ol>\n<p><strong>16:10 \u2013 16:40 Badania laboratoryjne u kobiet w przebiegu\u00a0 ci\u0105\u017cy<\/strong> &#8211;\u00a0 \u00a0 \u00a0 \u00a0 \u00a0 \u00a0 \u00a0 \u00a0 \u00a0 \u00a0 \u00a0 \u00a0 \u00a0 \u00a0 \u00a0 \u00a0 \u00a0 \u00a0 \u00a0 \u00a0 \u00a0 \u00a0 \u00a0 \u00a0 \u00a0 \u00a0 \u00a0 \u00a0 \u00a0 \u00a0 dr n. med. Katarzyna Zi\u00f3\u0142kowska, Katedra i Zak\u0142ad Diagnostyki Laboratoryjnej Ginekologiczno-Po\u0142o\u017cniczy Szpital Kliniczny Uniwersytetu Medycznego im. Karola Marcinkowskiego w Poznaniu.<\/p>\n<p><strong>16:40 \u2013 17:10 M\u0119\u017cczyzna\u00a0w \u015bwietle hormon\u00f3w<\/strong> &#8211; dr n med. Leszek Bergier, CenterMed- Centrum Medyczne, TFP Fertility Macierzy\u0144stwo w Krakowie.<\/p>\n<p><strong>17:10 \u2013 18:10 Kobieta i m\u0119\u017cczyzna z perspektywy psychologicznej i seksuologicznej<\/strong> &#8211;\u00a0 \u00a0 \u00a0 \u00a0 \u00a0 \u00a0 \u00a0 mgr psychologii\u00a0 Bart\u0142omiej S\u0142owak, Oddzia\u0142 Po\u0142o\u017cniczy i Ginekologiczny, Wojew\u00f3dzki Szpital Zespolony w Kielcach.<\/p>\n<p><span style=\"color: #0000ff\"><strong><em>18:10 \u2013 18:25 <\/em><em>&#8211; <\/em>Nowe i od\u015bwie\u017cone testy w ofercie systemu VIDAS- Partnera nie tylko w chorobach zaka\u017anych- Karol Kowalski, <em>bioM\u00e9rieux Polska sp. z.o.o<\/em><\/strong><\/span><\/p>\n<p><span style=\"color: #0000ff\"><em><strong>18:25-18:40- <\/strong><\/em><strong>Panele Syndromiczne cobas\u00ae eplex oraz LightCycler\u00ae PRO &#8211; nowy standard w diagnostyce molekularnej- Tomasz Budzy\u0144ski, <em>Roche Diagnostics Polska Sp. z o.o.<\/em><\/strong><\/span><\/p>\n<p><strong><em>\u00a0<\/em><\/strong><\/p>\n<p><span style=\"color: #008000\"><strong><em>20:00 Kolacja \u201ez muzyk\u0105 w tle\u201d<\/em><\/strong><\/span><\/p>\n<p>&nbsp;<\/p>\n<p style=\"text-align: center\"><span style=\"color: #ff0000\"><strong><em><u>Pi\u0105tek 9 maja 2025 r.<\/u><\/em><\/strong><\/span><\/p>\n<p><strong><em>\u00a0<\/em><\/strong><\/p>\n<ol>\n<li><strong><em><u>Sesja: Alergologia w Praktyce : Diagnostyka i Profilaktyka Reakcji Nadwra\u017cliwo\u015bci;<\/u><\/em> <em>prowadz\u0105cy: <\/em><\/strong>Dr n. med. S\u0142awomir Bia\u0142ek, Dr n.med. Krystyna S\u0142owi\u0144ska-Solnica<\/li>\n<\/ol>\n<p><strong>9:00-9:30 Chemia w powietrzu, w kosmetyczce i na talerzu &#8211; diagnostyka i profilaktyka reakcji nadwra\u017cliwo\u015bci<\/strong>&#8211; Dr hab. n. biol. Dorota Myszkowska, Zak\u0142ad Alergologii Klinicznej i \u015arodowiskowej Collegium Medicum, Uniwersytet Jagiello\u0144ski.<\/p>\n<p><strong>9:30-10:00 \u00a0Diagnostyka molekularna alergii &#8211; czy to ju\u017c koniec mo\u017cliwo\u015bci <\/strong><strong>diagnostycznych?- <\/strong>Dr n. med.\u00a0 S\u0142awomir Bia\u0142ek, Zak\u0142ad Biochemii i Farmakogenomiki,\u00a0Wydzia\u0142 Farmaceutyczny, Warszawski Uniwersytet Medyczny.<\/p>\n<p><span style=\"color: #0000ff\"><strong><em>10:00- 10:15\u00a0 &#8211; <\/em>Diagnostyka serologiczna alergii- Najcz\u0119\u015bciej zadawane pytania FAQ-\u00a0 \u00a0 \u00a0 \u00a0mgr Micha\u0142 Podkalicki, <em>Euroimmun Sp. z o.o<\/em><\/strong><\/span><\/p>\n<p>&nbsp;<\/p>\n<ol start=\"2\">\n<li><strong><em><u>Sesja: Laboratorium Toksykologiczne w Prewencji Zdrowotnej \u2013 Wk\u0142ad w Profilaktyk\u0119 i Edukacj\u0119 Zdrowotn\u0105<\/u><\/em>, <em>prowadz\u0105cy: <\/em><\/strong>Dr in\u017c. Ewa Gom\u00f3\u0142ka<\/li>\n<\/ol>\n<p><strong>10:15-10:35 Narkotyki i nowe substancje psychoaktywne \u2013 mo\u017cliwo\u015bci oznacze\u0144 w medycznych laboratoriach diagnostycznych<\/strong> &#8211; Dr in\u017c. Ewa Gom\u00f3\u0142ka, Zak\u0142ad Diagnostyki, Szpital Uniwersytecki, Katedra Toksykologii i Chor\u00f3b \u015arodowiskowych, Pracownia Informacji Toksykologicznej i Analiz Laboratoryjnych, Collegium Medicum, Uniwersytet Jagiello\u0144ski.<\/p>\n<p><strong>10:35-10:55 Paracetamol: lek czy trucizna? Kluczowa rola diagnosty laboratoryjnego<\/strong>&#8211;\u00a0 \u00a0 \u00a0 \u00a0 \u00a0 \u00a0 \u00a0 \u00a0 \u00a0 \u00a0 \u00a0 \u00a0Dr n. med. Beata Szkolnicka- Zak\u0142ad Diagnostyki, Szpital Uniwersytecki, Katedra Toksykologii i Chor\u00f3b \u015arodowiskowych, Pracownia Informacji Toksykologicznej i Analiz Laboratoryjnych, Collegium Medicum, Uniwersytet Jagiello\u0144ski.<\/p>\n<p><strong>10:55-11:15 Ma\u0142y pacjent, wielkie wyzwania \u2013 TDM w pediatrii oczami diagnosty laboratoryjnego<\/strong>&#8211; Dr n. med. Agnieszka Czajkowska, Pracownia Terapii Monitorowanej, Farmakokinetyki Klinicznej i Toksykologii, Zak\u0142ad Biochemii Klinicznej, Instytut \u201ePomnik-Centrum Zdrowia Dziecka&#8221; w Warszawie.<\/p>\n<p><strong>11:15-11:35 Wi\u0119cej ni\u017c wynik &#8211; czyli o wsp\u00f3\u0142pracy pomi\u0119dzy diagnost\u0105 laboratoryjnym a<\/strong> <strong>farmaceut\u0105 klinicznym w zakresie terapeutycznego monitorowania lek\u00f3w<\/strong>&#8211;\u00a0 \u00a0 \u00a0 \u00a0 \u00a0 \u00a0 \u00a0 \u00a0 \u00a0 \u00a0 \u00a0 \u00a0 \u00a0 \u00a0 \u00a0 \u00a0 \u00a0 \u00a0 \u00a0Dr n. med i n. o zdr. Arkadiusz Kocur, Pracownia Terapii Monitorowanej, Farmakokinetyki Klinicznej i Toksykologii, Zak\u0142ad Biochemii Klinicznej, Instytut \u201ePomnik-Centrum Zdrowia Dziecka&#8221; w Warszawie.<\/p>\n<p><span style=\"color: #0000ff\"><strong><em>11:35-11.55<\/em> Jako\u015b\u0107 i niezawodno\u015b\u0107 w analizie laboratoryjnej &#8211; wp\u0142yw technologii suchej chemii na dok\u0142adno\u015b\u0107 oraz efektywno\u015b\u0107 bada\u0144- Agnieszka Suchan, Martyna Poniewierska, specjalistki aplikacyjne, Altium International Sp. z o.o.<\/strong><\/span><\/p>\n<p><span style=\"color: #008080\"><strong><em>11:55 \u2013 12:20 Przerwa kawowa <\/em><\/strong><\/span><\/p>\n<p><strong><em>\u00a0<\/em><\/strong><strong><em>\u00a0<\/em><\/strong><\/p>\n<ol start=\"3\">\n<li><strong><em>Sesja: S\u0142u\u017cba krwi \u2013 Wsp\u00f3lna Troska o Zdrowie Publiczne, prowadz\u0105cy:<\/em><\/strong> dr n. med. Anna Pisarska<\/li>\n<\/ol>\n<p><span style=\"color: #0000ff\"><strong><em>12.20-12:35<\/em> <em>&#8211; \u00a0<\/em>Morfologia krwi obwodowej u dawc\u00f3w krwi- dr n. med. Ewa Czernik, <em>Sysmex Polska Sp. z o.o<\/em><\/strong><\/span><\/p>\n<p><strong>12:35-13:10 Zadania banku krwi i najcz\u0119\u015bciej stwierdzane niezgodno\u015bci podczas kontroli<\/strong> &#8211; dr n. med. Anna Pisarska, kierownik Dzia\u0142u Zapewnienia Jako\u015bci, Regionalne Centrum Krwiodawstwa i Krwiolecznictwa w Kielcach, Przewodnicz\u0105ca \u015awi\u0119tokrzyskiego Oddzia\u0142u Transfuzjologicznego PTHiT.<\/p>\n<p><strong>13:10-13:40 Znaczenie diagnostyczne bezpo\u015bredniego testu antyglobulinowego w badaniach immunohematologicznych dawc\u00f3w i biorc\u00f3w krwi-\u00a0 \u00a0 \u00a0 \u00a0 \u00a0 \u00a0 \u00a0 \u00a0 \u00a0 \u00a0 \u00a0 \u00a0 \u00a0 \u00a0 \u00a0 \u00a0 \u00a0 \u00a0 \u00a0 \u00a0 \u00a0 \u00a0 \u00a0 \u00a0 \u00a0 \u00a0 \u00a0 \u00a0 \u00a0 \u00a0 \u00a0 <\/strong>Dr n. o zdr. Katarzyna Gola\u0144ska-Kozubek, Dzia\u0142 Immunologii Transfuzjologicznej, Regionalne Centrum Krwiodawstwa i Krwiolecznictwa w Kielcach.<\/p>\n<p><strong>13:40-14:10 Diagnostyka marker\u00f3w zaka\u017cenia przenoszonych przez krew-\u00a0 \u00a0 \u00a0 \u00a0 \u00a0 \u00a0 \u00a0 \u00a0 \u00a0 \u00a0 \u00a0 \u00a0 \u00a0 \u00a0 \u00a0 \u00a0 \u00a0 \u00a0 \u00a0<\/strong>Dr n. biol. Joanna Stalmasi\u0144ska, Pracownia Czynnik\u00f3w Zaka\u017anych, Regionalne Centrum Krwiodawstwa i Krwiolecznictwa w Kielcach.<\/p>\n<p>&nbsp;<\/p>\n<p><strong>14<\/strong><strong>:10 Zako\u0144czenie konferencji <\/strong><\/p>\n<p><span style=\"color: #008080\"><strong><em>14:15 \u2013LUNCH<\/em><\/strong><\/span><\/p>\n<p><em><strong>Komitet naukowy i organizacyjny:<\/strong><\/em><\/p>\n<p><em>prof. dr\u00a0hab. n. med. Bogdan Solnica<\/em><\/p>\n<p><em>dr n. biol. Anna Z\u0105bek-Adamska<\/em><\/p>\n<p><em>dr n. med. i. o zdr. Aleksandra Maleszka<\/em><\/p>\n<p><em>mgr Anna Goliszek<\/em><\/p>\n<p><em>mgr Danuta Koz\u0142owska<\/em><\/p>\n<p><em>mgr Les\u0142aw Kraso\u0144<\/em><\/p>\n<p><em>mgr Bernadetta Jakubowicz<\/em><\/p>\n<p>&nbsp;<\/p>\n<p>Szczeg\u00f3\u0142y dotycz\u0105ce rejestracji na Konferencj\u0119 oraz formularz zg\u0142oszeniowy jest dost\u0119pny na stronie internetowej:\u00a0 <a href=\"http:\/\/www.ampulco.eu\/Konferencje\/Konferencja-Krynica-Zdr\u00f3j-2025\">Konferencja Krynica Zdr\u00f3j 2025<\/a><\/p>\n<p>Serdecznie zapraszamy Wszystkich Cz\u0142onk\u00f3w PTDL !<\/p>\n<p>Za udzia\u0142 w Konferencji otrzymaj\u0105 Pa\u0144stwo punkty edukacyjne<\/p>\n","protected":false},"excerpt":{"rendered":"<p>Szanowni Pa\u0144stwo,\u00a0 Zapraszamy\u00a0 na konferencj\u0119 naukowo-szkoleniow\u0105 oddzia\u0142\u00f3w: krakowskiego, kieleckiego i rzeszowskiego, pt: \u00a0MAJOWE SPOTKANIA Z MEDYCYN\u0104 LABORATORYJN\u0104 &#8211; w Roku Edukacji Zdrowotnej i Profilaktyki kt\u00f3ra odb\u0119dzie si\u0119 w dn. 8-9 maja 2025 r, w Hotelu Panorama w Krynicy-Zdr\u00f3j. &nbsp; AGENDA KONFERENCJI Czwartek 8 maja 2025 r. &nbsp; 11:30 \u2013 12:00 &#8211; Otwarcie Konferencji: Dr n. [&hellip;]<\/p>\n","protected":false},"author":4,"featured_media":4442,"comment_status":"closed","ping_status":"open","sticky":false,"template":"","format":"standard","meta":{"footnotes":""},"categories":[6,14,28],"tags":[],"class_list":["post-4441","post","type-post","status-publish","format-standard","has-post-thumbnail","hentry","category-aktualnosci","category-aktualnosci-oddzial-krakow","category-konferencje"],"_links":{"self":[{"href":"https:\/\/ptdl.pl\/index.php\/wp-json\/wp\/v2\/posts\/4441","targetHints":{"allow":["GET"]}}],"collection":[{"href":"https:\/\/ptdl.pl\/index.php\/wp-json\/wp\/v2\/posts"}],"about":[{"href":"https:\/\/ptdl.pl\/index.php\/wp-json\/wp\/v2\/types\/post"}],"author":[{"embeddable":true,"href":"https:\/\/ptdl.pl\/index.php\/wp-json\/wp\/v2\/users\/4"}],"replies":[{"embeddable":true,"href":"https:\/\/ptdl.pl\/index.php\/wp-json\/wp\/v2\/comments?post=4441"}],"version-history":[{"count":30,"href":"https:\/\/ptdl.pl\/index.php\/wp-json\/wp\/v2\/posts\/4441\/revisions"}],"predecessor-version":[{"id":4775,"href":"https:\/\/ptdl.pl\/index.php\/wp-json\/wp\/v2\/posts\/4441\/revisions\/4775"}],"wp:featuredmedia":[{"embeddable":true,"href":"https:\/\/ptdl.pl\/index.php\/wp-json\/wp\/v2\/media\/4442"}],"wp:attachment":[{"href":"https:\/\/ptdl.pl\/index.php\/wp-json\/wp\/v2\/media?parent=4441"}],"wp:term":[{"taxonomy":"category","embeddable":true,"href":"https:\/\/ptdl.pl\/index.php\/wp-json\/wp\/v2\/categories?post=4441"},{"taxonomy":"post_tag","embeddable":true,"href":"https:\/\/ptdl.pl\/index.php\/wp-json\/wp\/v2\/tags?post=4441"}],"curies":[{"name":"wp","href":"https:\/\/api.w.org\/{rel}","templated":true}]}}