{"id":4758,"date":"2025-04-25T09:42:16","date_gmt":"2025-04-25T07:42:16","guid":{"rendered":"https:\/\/ptdl.pl\/?p=4758"},"modified":"2025-04-28T09:59:24","modified_gmt":"2025-04-28T07:59:24","slug":"konferencja-medycyna-laboratoryjna-2025","status":"publish","type":"post","link":"https:\/\/ptdl.pl\/index.php\/2025\/04\/25\/konferencja-medycyna-laboratoryjna-2025\/","title":{"rendered":"Konferencja MEDYCYNA LABORATORYJNA 2025"},"content":{"rendered":"<section  class='av_textblock_section av-m9whgi3f-24cc241ddccdb20dea02dc2bfe44ac8c'  itemscope=\"itemscope\" itemtype=\"https:\/\/schema.org\/BlogPosting\" itemprop=\"blogPost\" ><div class='avia_textblock'  itemprop=\"text\" ><p>Szanowni Pa\u0144stwo,<\/p>\n<p>Uprzejmie informujemy, \u017ce kolejna konferencja naukowo-szkoleniowa <strong>MEDYCYNA LABORATORYJNA 2025<\/strong> odb\u0119dzie si\u0119 <strong>w dniach 2-4.06.2025 r. w Mszczonowie k\/Warszawy, w hotelu Panorama.<\/strong><\/p>\n<p>Jak w latach poprzednich, do udzia\u0142u w konferencji zapraszamy Kierownik\u00f3w Medycznych Laboratori\u00f3w Diagnostycznych lub wydelegowanego przez nich Kierownika Pracowni.<\/p>\n<p>Program tegorocznej konferencji obejmuje zagadnienia diagnostyki laboratoryjnej w procesach zapalnych, onkologii \/ hematoonkologii, chorobach nerek i zaburzeniach lipidowych, terapeutyczne monitorowanie lek\u00f3w oraz zarz\u0105dzanie jako\u015bci\u0105 w MLD.<\/p>\n<p>Op\u0142atno\u015b\u0107 za udzia\u0142 w konferencji wynosi <strong>280 z\u0142.<\/strong><\/p>\n<p><strong>Rejestracja Uczestnik\u00f3w Konferencji rozpocznie si\u0119 8.05.2025 r.<\/strong> O szczeg\u00f3\u0142ach poinformujemy Pa\u0144stwa w kolejnym komunikacie.<\/p>\n<p>Serdecznie zapraszamy!<\/p>\n<\/div><\/section>\n","protected":false},"excerpt":{"rendered":"","protected":false},"author":1,"featured_media":817,"comment_status":"closed","ping_status":"open","sticky":false,"template":"","format":"standard","meta":{"footnotes":""},"categories":[5,28],"tags":[],"class_list":["post-4758","post","type-post","status-publish","format-standard","has-post-thumbnail","hentry","category-aktualnosci-zarzad","category-konferencje"],"_links":{"self":[{"href":"https:\/\/ptdl.pl\/index.php\/wp-json\/wp\/v2\/posts\/4758","targetHints":{"allow":["GET"]}}],"collection":[{"href":"https:\/\/ptdl.pl\/index.php\/wp-json\/wp\/v2\/posts"}],"about":[{"href":"https:\/\/ptdl.pl\/index.php\/wp-json\/wp\/v2\/types\/post"}],"author":[{"embeddable":true,"href":"https:\/\/ptdl.pl\/index.php\/wp-json\/wp\/v2\/users\/1"}],"replies":[{"embeddable":true,"href":"https:\/\/ptdl.pl\/index.php\/wp-json\/wp\/v2\/comments?post=4758"}],"version-history":[{"count":3,"href":"https:\/\/ptdl.pl\/index.php\/wp-json\/wp\/v2\/posts\/4758\/revisions"}],"predecessor-version":[{"id":4777,"href":"https:\/\/ptdl.pl\/index.php\/wp-json\/wp\/v2\/posts\/4758\/revisions\/4777"}],"wp:featuredmedia":[{"embeddable":true,"href":"https:\/\/ptdl.pl\/index.php\/wp-json\/wp\/v2\/media\/817"}],"wp:attachment":[{"href":"https:\/\/ptdl.pl\/index.php\/wp-json\/wp\/v2\/media?parent=4758"}],"wp:term":[{"taxonomy":"category","embeddable":true,"href":"https:\/\/ptdl.pl\/index.php\/wp-json\/wp\/v2\/categories?post=4758"},{"taxonomy":"post_tag","embeddable":true,"href":"https:\/\/ptdl.pl\/index.php\/wp-json\/wp\/v2\/tags?post=4758"}],"curies":[{"name":"wp","href":"https:\/\/api.w.org\/{rel}","templated":true}]}}