{"id":5071,"date":"2025-06-08T10:40:53","date_gmt":"2025-06-08T08:40:53","guid":{"rendered":"https:\/\/ptdl.pl\/?p=5071"},"modified":"2025-08-19T17:33:28","modified_gmt":"2025-08-19T15:33:28","slug":"konferencja-lodzkie-spotkania-diagnostyczne-2025","status":"publish","type":"post","link":"https:\/\/ptdl.pl\/index.php\/2025\/06\/08\/konferencja-lodzkie-spotkania-diagnostyczne-2025\/","title":{"rendered":"Konferencja &#8211; \u0141\u00f3dzkie Spotkania Diagnostyczne 2025"},"content":{"rendered":"<p><span style=\"font-family: arial, helvetica, sans-serif\">Szanowni Pa\u0144stwo,<\/span><\/p>\n<p><span style=\"font-family: arial, helvetica, sans-serif\">W imieniu zarz\u0105du PTDL Oddzia\u0142 \u0141\u00f3d\u017a i swoim mam zaszczyt zaprosi\u0107 Pa\u0144stwa do udzia\u0142u w konferencji naukowej <strong>\u201ePriorytety w medycynie laboratoryjnej 2025\u201d<\/strong>, kt\u00f3ra odb\u0119dzie si\u0119 w dniach <strong>12\u201313 wrze\u015bnia 2025 roku<\/strong> w malowniczo po\u0142o\u017conym o\u015brodku <strong>MOLO Resort w Smardzewicach<\/strong>.<\/span><\/p>\n<p><span style=\"font-family: arial, helvetica, sans-serif\">Tegoroczna konferencja koncentruje si\u0119 na tym, co najwa\u017cniejsze: priorytetach. B\u0119dziemy m\u00f3wi\u0107 o tym, jak skutecznie identyfikowa\u0107 potrzeby pacjenta, jakie kierunki rozwoju warto wspiera\u0107, oraz jak\u0105 rol\u0119 odgrywa jako\u015b\u0107, dost\u0119pno\u015b\u0107 i czas w procesie diagnostycznym.<\/span><\/p>\n<p><span style=\"font-family: arial, helvetica, sans-serif\">Znajdujemy si\u0119 w momencie dynamicznych przemian w medycynie laboratoryjnej. Rozw\u00f3j technologii, nowe wytyczne kliniczne, a tak\u017ce rosn\u0105ce oczekiwania pacjent\u00f3w i system\u00f3w ochrony zdrowia \u2013 wszystko to wymaga od nas nie tylko aktualnej wiedzy, ale i umiej\u0119tno\u015bci szybkiej adaptacji oraz odpowiedzialnego podejmowania decyzji diagnostycznych.<\/span><\/p>\n<p><span style=\"font-family: arial, helvetica, sans-serif\">Opr\u00f3cz wyk\u0142ad\u00f3w i prezentacji eksperckich przygotowali\u015bmy r\u00f3wnie\u017c praktyczne warsztaty tematyczne, kt\u00f3re umo\u017cliwi\u0105 uczestnikom pog\u0142\u0119bienie wiedzy oraz doskonalenie umiej\u0119tno\u015bci.<\/span><\/p>\n<p><span style=\"font-family: arial, helvetica, sans-serif\">Serdecznie zapraszamy do udzia\u0142u i wsp\u00f3\u0142tworzenia przestrzeni wymiany wiedzy, do\u015bwiadcze\u0144 i inspiracji zawodowej.<\/span><\/p>\n<p><span style=\"font-family: arial, helvetica, sans-serif\">Patronat Honorowy nad wydarzeniem obj\u0105\u0142 Minister Zdrowia.<\/span><\/p>\n<p><span style=\"font-family: arial, helvetica, sans-serif\">Link do zapis\u00f3w z programem wydarzenia: <a href=\"https:\/\/glc.edu.pl\/konferencje\/ptdl#program\"><span style=\"text-decoration: underline\"><strong>\u0141\u00f3dzkie Spotkania Diagnostyczne 2025<\/strong><\/span><\/a><\/span><\/p>\n<p>&nbsp;<\/p>\n<p><span style=\"font-family: arial, helvetica, sans-serif\">Z wyrazami szacunku,<\/span><\/p>\n<p><span style=\"font-family: arial, helvetica, sans-serif\">Dr n. med. Alina Niewiadomska<\/span><\/p>\n<p><span style=\"font-family: arial, helvetica, sans-serif\">Przewodnicz\u0105ca PTDL o\/\u0141\u00f3d\u017a<\/span><\/p>\n<p><img loading=\"lazy\" decoding=\"async\" class=\"aligncenter size-large wp-image-5072\" src=\"https:\/\/ptdl.pl\/ptdl\/wp-content\/uploads\/2025\/06\/baner-1200x620-1-1030x539.png\" alt=\"\" width=\"1030\" height=\"539\" \/><\/p>\n","protected":false},"excerpt":{"rendered":"<p>Szanowni Pa\u0144stwo, W imieniu zarz\u0105du PTDL Oddzia\u0142 \u0141\u00f3d\u017a i swoim mam zaszczyt zaprosi\u0107 Pa\u0144stwa do udzia\u0142u w konferencji naukowej \u201ePriorytety w medycynie laboratoryjnej 2025\u201d, kt\u00f3ra odb\u0119dzie si\u0119 w dniach 12\u201313 wrze\u015bnia 2025 roku w malowniczo po\u0142o\u017conym o\u015brodku MOLO Resort w Smardzewicach. Tegoroczna konferencja koncentruje si\u0119 na tym, co najwa\u017cniejsze: priorytetach. B\u0119dziemy m\u00f3wi\u0107 o tym, jak [&hellip;]<\/p>\n","protected":false},"author":22,"featured_media":5072,"comment_status":"closed","ping_status":"open","sticky":false,"template":"","format":"standard","meta":{"footnotes":""},"categories":[6,17,28],"tags":[],"class_list":["post-5071","post","type-post","status-publish","format-standard","has-post-thumbnail","hentry","category-aktualnosci","category-aktualnosci-oddzial-lodz","category-konferencje"],"_links":{"self":[{"href":"https:\/\/ptdl.pl\/index.php\/wp-json\/wp\/v2\/posts\/5071","targetHints":{"allow":["GET"]}}],"collection":[{"href":"https:\/\/ptdl.pl\/index.php\/wp-json\/wp\/v2\/posts"}],"about":[{"href":"https:\/\/ptdl.pl\/index.php\/wp-json\/wp\/v2\/types\/post"}],"author":[{"embeddable":true,"href":"https:\/\/ptdl.pl\/index.php\/wp-json\/wp\/v2\/users\/22"}],"replies":[{"embeddable":true,"href":"https:\/\/ptdl.pl\/index.php\/wp-json\/wp\/v2\/comments?post=5071"}],"version-history":[{"count":9,"href":"https:\/\/ptdl.pl\/index.php\/wp-json\/wp\/v2\/posts\/5071\/revisions"}],"predecessor-version":[{"id":5142,"href":"https:\/\/ptdl.pl\/index.php\/wp-json\/wp\/v2\/posts\/5071\/revisions\/5142"}],"wp:featuredmedia":[{"embeddable":true,"href":"https:\/\/ptdl.pl\/index.php\/wp-json\/wp\/v2\/media\/5072"}],"wp:attachment":[{"href":"https:\/\/ptdl.pl\/index.php\/wp-json\/wp\/v2\/media?parent=5071"}],"wp:term":[{"taxonomy":"category","embeddable":true,"href":"https:\/\/ptdl.pl\/index.php\/wp-json\/wp\/v2\/categories?post=5071"},{"taxonomy":"post_tag","embeddable":true,"href":"https:\/\/ptdl.pl\/index.php\/wp-json\/wp\/v2\/tags?post=5071"}],"curies":[{"name":"wp","href":"https:\/\/api.w.org\/{rel}","templated":true}]}}