{"id":5214,"date":"2025-09-22T20:53:22","date_gmt":"2025-09-22T18:53:22","guid":{"rendered":"https:\/\/ptdl.pl\/?p=5214"},"modified":"2025-09-23T18:45:19","modified_gmt":"2025-09-23T16:45:19","slug":"podsumowanie-lodzkie-spotkania-diagnostyczne-priorytety-medycyny-laboratoryjnej-2025","status":"publish","type":"post","link":"https:\/\/ptdl.pl\/index.php\/2025\/09\/22\/podsumowanie-lodzkie-spotkania-diagnostyczne-priorytety-medycyny-laboratoryjnej-2025\/","title":{"rendered":"Podsumowanie &#8211; \u0141\u00f3dzkie Spotkania Diagnostyczne. Priorytety Medycyny Laboratoryjnej 2025"},"content":{"rendered":"<p>Szanowni Pa\u0144stwo,<\/p>\n<p>mi\u0142o nam poinformowa\u0107, \u017ce nasza konferencja PTDL o\/\u0141\u00f3d\u017a pod patronatem Ministra Zdrowia &#8211; Priorytety Medycyny Laboratoryjnej 2025 w ramach \u0141\u00f3dzkich Spotka\u0144 Diagnostycznych dobieg\u0142a ko\u0144ca.<\/p>\n<p><img loading=\"lazy\" decoding=\"async\" class=\"aligncenter wp-image-5221\" src=\"https:\/\/ptdl.pl\/ptdl\/wp-content\/uploads\/2025\/09\/img-20250915-wa0022-1030x473.jpg\" alt=\"\" width=\"686\" height=\"315\" srcset=\"https:\/\/ptdl.pl\/ptdl\/wp-content\/uploads\/2025\/09\/img-20250915-wa0022-1030x473.jpg 1030w, https:\/\/ptdl.pl\/ptdl\/wp-content\/uploads\/2025\/09\/img-20250915-wa0022-300x138.jpg 300w, https:\/\/ptdl.pl\/ptdl\/wp-content\/uploads\/2025\/09\/img-20250915-wa0022-768x352.jpg 768w, https:\/\/ptdl.pl\/ptdl\/wp-content\/uploads\/2025\/09\/img-20250915-wa0022-1536x705.jpg 1536w, https:\/\/ptdl.pl\/ptdl\/wp-content\/uploads\/2025\/09\/img-20250915-wa0022-1500x688.jpg 1500w, https:\/\/ptdl.pl\/ptdl\/wp-content\/uploads\/2025\/09\/img-20250915-wa0022-705x323.jpg 705w, https:\/\/ptdl.pl\/ptdl\/wp-content\/uploads\/2025\/09\/img-20250915-wa0022.jpg 1600w\" sizes=\"auto, (max-width: 686px) 100vw, 686px\" \/><\/p>\n<p><img loading=\"lazy\" decoding=\"async\" class=\"aligncenter wp-image-5222\" src=\"https:\/\/ptdl.pl\/ptdl\/wp-content\/uploads\/2025\/09\/img-20250915-wa0027-1030x579.jpg\" alt=\"\" width=\"692\" height=\"389\" srcset=\"https:\/\/ptdl.pl\/ptdl\/wp-content\/uploads\/2025\/09\/img-20250915-wa0027-1030x579.jpg 1030w, https:\/\/ptdl.pl\/ptdl\/wp-content\/uploads\/2025\/09\/img-20250915-wa0027-300x169.jpg 300w, https:\/\/ptdl.pl\/ptdl\/wp-content\/uploads\/2025\/09\/img-20250915-wa0027-768x432.jpg 768w, https:\/\/ptdl.pl\/ptdl\/wp-content\/uploads\/2025\/09\/img-20250915-wa0027-1536x863.jpg 1536w, https:\/\/ptdl.pl\/ptdl\/wp-content\/uploads\/2025\/09\/img-20250915-wa0027-1500x843.jpg 1500w, https:\/\/ptdl.pl\/ptdl\/wp-content\/uploads\/2025\/09\/img-20250915-wa0027-705x396.jpg 705w, https:\/\/ptdl.pl\/ptdl\/wp-content\/uploads\/2025\/09\/img-20250915-wa0027.jpg 1600w\" sizes=\"auto, (max-width: 692px) 100vw, 692px\" \/><\/p>\n<p>W sesji plakatowej bra\u0142o udzia\u0142 15 prac. Gratulujemy uczestnikom i laureatom:<\/p>\n<p><img loading=\"lazy\" decoding=\"async\" class=\"aligncenter wp-image-5215\" src=\"https:\/\/ptdl.pl\/ptdl\/wp-content\/uploads\/2025\/09\/img-20250921-wa0010-781x1030.jpg\" alt=\"\" width=\"368\" height=\"486\" srcset=\"https:\/\/ptdl.pl\/ptdl\/wp-content\/uploads\/2025\/09\/img-20250921-wa0010-781x1030.jpg 781w, https:\/\/ptdl.pl\/ptdl\/wp-content\/uploads\/2025\/09\/img-20250921-wa0010-227x300.jpg 227w, https:\/\/ptdl.pl\/ptdl\/wp-content\/uploads\/2025\/09\/img-20250921-wa0010-768x1013.jpg 768w, https:\/\/ptdl.pl\/ptdl\/wp-content\/uploads\/2025\/09\/img-20250921-wa0010-1164x1536.jpg 1164w, https:\/\/ptdl.pl\/ptdl\/wp-content\/uploads\/2025\/09\/img-20250921-wa0010-1137x1500.jpg 1137w, https:\/\/ptdl.pl\/ptdl\/wp-content\/uploads\/2025\/09\/img-20250921-wa0010-534x705.jpg 534w, https:\/\/ptdl.pl\/ptdl\/wp-content\/uploads\/2025\/09\/img-20250921-wa0010.jpg 1213w\" sizes=\"auto, (max-width: 368px) 100vw, 368px\" \/><\/p>\n<p><strong>I miejsce Maciej K\u0119dzierski<\/strong>. Zak\u0142ad Diagnostyki Laboratoryjnej ICZMP w \u0141odzi. <span style=\"text-decoration: underline\">,,Indeks sFlt-1\/PlGF w ocenie dobrostanu noworodka u matek zagro\u017conych stanem przedrzucawkowym. Badania wst\u0119pne.\u201d<\/span><\/p>\n<p><img loading=\"lazy\" decoding=\"async\" class=\"aligncenter wp-image-5218\" src=\"https:\/\/ptdl.pl\/ptdl\/wp-content\/uploads\/2025\/09\/img-20250915-wa0016-1030x773.jpg\" alt=\"\" width=\"469\" height=\"352\" srcset=\"https:\/\/ptdl.pl\/ptdl\/wp-content\/uploads\/2025\/09\/img-20250915-wa0016-1030x773.jpg 1030w, https:\/\/ptdl.pl\/ptdl\/wp-content\/uploads\/2025\/09\/img-20250915-wa0016-300x225.jpg 300w, https:\/\/ptdl.pl\/ptdl\/wp-content\/uploads\/2025\/09\/img-20250915-wa0016-768x576.jpg 768w, https:\/\/ptdl.pl\/ptdl\/wp-content\/uploads\/2025\/09\/img-20250915-wa0016-1536x1152.jpg 1536w, https:\/\/ptdl.pl\/ptdl\/wp-content\/uploads\/2025\/09\/img-20250915-wa0016-1500x1125.jpg 1500w, https:\/\/ptdl.pl\/ptdl\/wp-content\/uploads\/2025\/09\/img-20250915-wa0016-705x529.jpg 705w, https:\/\/ptdl.pl\/ptdl\/wp-content\/uploads\/2025\/09\/img-20250915-wa0016.jpg 1600w\" sizes=\"auto, (max-width: 469px) 100vw, 469px\" \/><\/p>\n<p><strong>II miejsce Olga Karpi\u0144ska.\u00a0<\/strong>Laboratorium Diagnostyki Molekularnej, Zesp\u00f3\u0142 Laboratori\u00f3w BRaIn, Zak\u0142ad Biochemii Farmaceutycznej i Diagnostyki Molekularnej, Uniwersytet Medyczny w \u0141odzi. <span style=\"text-decoration: underline\">&#8222;Podwy\u017cszony poziom ekspresji genu HRAS jest niekorzystnym czynnikiem prognostycznym w raku \u017co\u0142\u0105dka \u2013 analiza in silico.&#8221;<\/span><\/p>\n<p><img loading=\"lazy\" decoding=\"async\" class=\"aligncenter wp-image-5220\" src=\"https:\/\/ptdl.pl\/ptdl\/wp-content\/uploads\/2025\/09\/img-20250915-wa0014-1030x773.jpg\" alt=\"\" width=\"496\" height=\"372\" srcset=\"https:\/\/ptdl.pl\/ptdl\/wp-content\/uploads\/2025\/09\/img-20250915-wa0014-1030x773.jpg 1030w, https:\/\/ptdl.pl\/ptdl\/wp-content\/uploads\/2025\/09\/img-20250915-wa0014-300x225.jpg 300w, https:\/\/ptdl.pl\/ptdl\/wp-content\/uploads\/2025\/09\/img-20250915-wa0014-768x576.jpg 768w, https:\/\/ptdl.pl\/ptdl\/wp-content\/uploads\/2025\/09\/img-20250915-wa0014-1536x1152.jpg 1536w, https:\/\/ptdl.pl\/ptdl\/wp-content\/uploads\/2025\/09\/img-20250915-wa0014-1500x1125.jpg 1500w, https:\/\/ptdl.pl\/ptdl\/wp-content\/uploads\/2025\/09\/img-20250915-wa0014-705x529.jpg 705w, https:\/\/ptdl.pl\/ptdl\/wp-content\/uploads\/2025\/09\/img-20250915-wa0014.jpg 1600w\" sizes=\"auto, (max-width: 496px) 100vw, 496px\" \/><\/p>\n<p><strong>III miejsce dr Agnieszka Seraficka. <\/strong>Zak\u0142ad Diagnostyki Laboratoryjnej ICZMP w \u0141odzi. Pracownia Mikrobiologii z Parazytologi\u0105. <span style=\"text-decoration: underline\">&#8222;Analiza czynnik\u00f3w etiologicznych (bakteryjnych, wirusowych i paso\u017cytniczych) w syndromicznym te\u015bcie wykrywaj\u0105cym kwas nukleinowy od dzieci z nie\u017cytem \u017co\u0142\u0105dka i jelit hospitalizowanych w III-rz\u0119dowym o\u015brodku referencyjnym w pediatrii\u201d<\/span><\/p>\n<p><strong>Wyr\u00f3\u017cnienie<\/strong> &#8211; Zesp\u00f3\u0142 ze Szpitala im. \u015bw. El\u017cbiety w Katowicach, American Heart of Poland<\/p>\n<p>Dzi\u0119kujemy i do zobaczenia na kolejnych wydarzeniach!<\/p>\n","protected":false},"excerpt":{"rendered":"<p>Szanowni Pa\u0144stwo, mi\u0142o nam poinformowa\u0107, \u017ce nasza konferencja PTDL o\/\u0141\u00f3d\u017a pod patronatem Ministra Zdrowia &#8211; Priorytety Medycyny Laboratoryjnej 2025 w ramach \u0141\u00f3dzkich Spotka\u0144 Diagnostycznych dobieg\u0142a ko\u0144ca. W sesji plakatowej bra\u0142o udzia\u0142 15 prac. Gratulujemy uczestnikom i laureatom: I miejsce Maciej K\u0119dzierski. Zak\u0142ad Diagnostyki Laboratoryjnej ICZMP w \u0141odzi. ,,Indeks sFlt-1\/PlGF w ocenie dobrostanu noworodka u matek [&hellip;]<\/p>\n","protected":false},"author":22,"featured_media":5072,"comment_status":"closed","ping_status":"open","sticky":false,"template":"","format":"standard","meta":{"footnotes":""},"categories":[6,17,26,28],"tags":[],"class_list":["post-5214","post","type-post","status-publish","format-standard","has-post-thumbnail","hentry","category-aktualnosci","category-aktualnosci-oddzial-lodz","category-aktualnosci-oddzialy-terenowe","category-konferencje"],"_links":{"self":[{"href":"https:\/\/ptdl.pl\/index.php\/wp-json\/wp\/v2\/posts\/5214","targetHints":{"allow":["GET"]}}],"collection":[{"href":"https:\/\/ptdl.pl\/index.php\/wp-json\/wp\/v2\/posts"}],"about":[{"href":"https:\/\/ptdl.pl\/index.php\/wp-json\/wp\/v2\/types\/post"}],"author":[{"embeddable":true,"href":"https:\/\/ptdl.pl\/index.php\/wp-json\/wp\/v2\/users\/22"}],"replies":[{"embeddable":true,"href":"https:\/\/ptdl.pl\/index.php\/wp-json\/wp\/v2\/comments?post=5214"}],"version-history":[{"count":7,"href":"https:\/\/ptdl.pl\/index.php\/wp-json\/wp\/v2\/posts\/5214\/revisions"}],"predecessor-version":[{"id":5229,"href":"https:\/\/ptdl.pl\/index.php\/wp-json\/wp\/v2\/posts\/5214\/revisions\/5229"}],"wp:featuredmedia":[{"embeddable":true,"href":"https:\/\/ptdl.pl\/index.php\/wp-json\/wp\/v2\/media\/5072"}],"wp:attachment":[{"href":"https:\/\/ptdl.pl\/index.php\/wp-json\/wp\/v2\/media?parent=5214"}],"wp:term":[{"taxonomy":"category","embeddable":true,"href":"https:\/\/ptdl.pl\/index.php\/wp-json\/wp\/v2\/categories?post=5214"},{"taxonomy":"post_tag","embeddable":true,"href":"https:\/\/ptdl.pl\/index.php\/wp-json\/wp\/v2\/tags?post=5214"}],"curies":[{"name":"wp","href":"https:\/\/api.w.org\/{rel}","templated":true}]}}