{"id":5231,"date":"2025-09-23T22:08:04","date_gmt":"2025-09-23T20:08:04","guid":{"rendered":"https:\/\/ptdl.pl\/?p=5231"},"modified":"2025-09-25T14:42:17","modified_gmt":"2025-09-25T12:42:17","slug":"program-viii-konferencji-naukowo-szkoleniowej-ogolnopolskiego-stowarzyszenia-kierownikow-medycznych-laboratoriow-diagnostycznych-20-21-11-2025","status":"publish","type":"post","link":"https:\/\/ptdl.pl\/index.php\/2025\/09\/23\/program-viii-konferencji-naukowo-szkoleniowej-ogolnopolskiego-stowarzyszenia-kierownikow-medycznych-laboratoriow-diagnostycznych-20-21-11-2025\/","title":{"rendered":"PROGRAM  VIII Konferencji naukowo-szkoleniowej Og\u00f3lnopolskiego\u00a0 Stowarzyszenia Kierownik\u00f3w Medycznych Laboratori\u00f3w Diagnostycznych,  20-21.11.2025"},"content":{"rendered":"<p>PROGRAM<\/p>\n<p>VIII Konferencji naukowo-szkoleniowej Og\u00f3lnopolskiego\u00a0 Stowarzyszenia Kierownik\u00f3w Medycznych Laboratori\u00f3w Diagnostycznych<\/p>\n<p>\u201ePromowanie roli medycznych laboratori\u00f3w diagnostycznych oraz roli kierownik\u00f3w MLD w systemie ochrony zdrowia\u201d<br \/>\n20-21.11.2025 r.<br \/>\nWroc\u0142aw \u2013 hotel \u201c\u015al\u0105sk\u201d<\/p>\n<p>20.11.2025 CZWARTEK<br \/>\n09:00 \u2013 9.45 Przyjazd i rejestracja uczestnik\u00f3w<br \/>\n9.45 Otwarcie wystawy Producent\u00f3w i Dystrybutor\u00f3w Diagnostyki Laboratoryjnej<br \/>\n10:15 \u2013 10:25 Otwarcie konferencji, przedstawienie nowego Zarz\u0105du OSKMLD. Przywitanie go\u015bci.<br \/>\nLilla Rejek, Prezes OSKMLD, Renata Zygmuntowicz \u2013 Ani\u015bko, Sekretarz OSKMLD<br \/>\n10:25 \u2013 10:45 Wykorzystanie m\u0105dro\u015bci zawartej w bajkach i przypowie\u015bciach do zarz\u0105dzania Zespo\u0142em w Medycznym Laboratorium Diagnostycznym.<br \/>\ndr Brygida Beck BBMED<br \/>\n10:45 \u2013 11:05 Aktualne problemy MLD w wojew\u00f3dztwie dolno\u015bl\u0105skim,<br \/>\ndr Jacek Majda , konsultant wojew\u00f3dzki, Dolny \u015al\u0105sk<br \/>\n11.05 \u2013 11:25 Zg\u0142aszanie dodatnich wynik\u00f3w bada\u0144 laboratoryjnych w kierunku biologicznych czynnik\u00f3w chorobotw\u00f3rczych \u2013 wybrane zagadnienia<br \/>\nDr Witold Paczosa, Wojew\u00f3dzka Stacja SANEPID<br \/>\n11:25 \u2013 11:45 Bezpiecze\u0144stwo pacjenta w procesach diagnostyczno-terapeutycznych<br \/>\nprof. Izabela Witczak, Pe\u0142nomocnik Dyrektora ds. Jako\u015bci, USK Wroc\u0142aw<br \/>\n11:45 \u2013 12:05 Profilaktyk i diagnosta laboratoryjny \u2013 partnerstwo na rzecz zdrowia publicznego<br \/>\nprof. \u0141ukasz Rypicz, UM we Wroc\u0142awiu<br \/>\n12:05\u2013\u00a012:25 Prawo pracy w MLD &#8211; nowe wyzwanie<br \/>\nmec. Wojciech Powro\u017anik<br \/>\n12:25 \u2013 12:45 Problem \u00a0nadrozpoznawalno\u015bci chor\u00f3b , edukacji przysz\u0142ych kadr medycznych<br \/>\ndr W\u0142odzimierz Paw\u0142owski , Szpital Wojew\u00f3dzki, Pozna\u0144<\/p>\n<p>12:45\u00a0\u2013\u00a013:10 Jak alkohol pompuje erytrocyty?<br \/>\nProf. Lech Chrostek, UM w Bia\u0142ymstoku<\/p>\n<p>13.10 \u2013 14:00 Przerwa na lunch<\/p>\n<p>14:00\u2013 14:20 Aktywno\u015b\u0107 Diagnost\u00f3w Laboratoryjnych w PTDL \u2013 znaczenie i perspektywy Towarzystwa we wsp\u00f3\u0142czesnej medycynie laboratoryjnej<br \/>\nDr Olga Loska &#8211; Rytwi\u0144ska ,Przewodnicz\u0105ca PTDL O\/Wroc\u0142aw<br \/>\n14:20\u2013 14:40 Rozporz\u0105dzenie Ministra Zdrowia z dnia 30 czerwca 2025 r. w sprawie standard\u00f3w jako\u015bci dla laboratori\u00f3w<br \/>\nMonika Pintal-\u015alimak, Prezeska KRDL<br \/>\n14:40 \u2013 15:10 AI w medycynie laboratoryjnej. Szanse i ryzyka<br \/>\ndr Tomasz Anyszek, Diagnostyka<br \/>\n15:10\u2013 15:35 Optymalizacja koszt\u00f3w w MLD<br \/>\ndr El\u017cbieta Rabsztyn, konsultant wojew\u00f3dzki, \u015al\u0105sk<br \/>\n16:00- 18:00 panel dyskusyjny Diagnosta Laboratoryjny w dzisiejszym i przysz\u0142ym systemie<br \/>\nL. Rejek, J .Majda, M. Pintal-\u015alimak, T. Anyszek ,E.Rabsztyn<\/p>\n<p>18.30-19.30 Zebranie Zarz\u0105du OSKMLD<br \/>\n20:00 kolacja<\/p>\n<p>22.11.2024 PI\u0104TEK<br \/>\n08:00 \u2013 10:00 \u015bniadanie<br \/>\n10:00 \u2013 10:20 Wyk\u0142ad firmowy<br \/>\n10:20 \u2013 10:45\u00a0Prawo medyczne i etyka- wybrane aspekty wykonywania zawodu diagnosty laboratoryjnego<br \/>\nprof. Iwona Bil-Lula, UM we Wroc\u0142awiu<br \/>\n10:45 \u2013 11:05 Farmakolog kliniczny w interdyscyplinarnym zespole na oddziale szpitalnym<br \/>\nMonika Krzyszto\u0144, farmakolog kliniczny USK we Wroc\u0142awiu<br \/>\n11:05 \u2013 11:25 ADHD &#8211; od stymatyzacji do nadrozpoznawalno\u015b\u0107i<br \/>\npsychiatra Maksymilian Rejek, USK Wroc\u0142aw<br \/>\n11:25 \u2013 11:45 DTCT &#8211; testy laboratoryjne skierowane bezpo\u015brednio do konsumenta \u2013 korzy\u015bci i\u00a0zagro\u017cenia<br \/>\ndr Ewa Leporowska, Wielkopolskie Centrum Onkologii, Pozna\u0144<br \/>\n12:00\u2013 12:30 Dyskusja podsumowuj\u0105ca konferencj\u0119<\/p>\n<p>moderator: Lilla Rejek<\/p>\n<p>FORMULARZ ZG\u0141OSZENIOWY na stronie AMPULCO http:\/\/www.ampulco.eu<\/p>\n<p>SERDECZNIE ZAPRASZAMY<\/p>\n","protected":false},"excerpt":{"rendered":"<p>PROGRAM VIII Konferencji naukowo-szkoleniowej Og\u00f3lnopolskiego\u00a0 Stowarzyszenia Kierownik\u00f3w Medycznych Laboratori\u00f3w Diagnostycznych \u201ePromowanie roli medycznych laboratori\u00f3w diagnostycznych oraz roli kierownik\u00f3w MLD w systemie ochrony zdrowia\u201d 20-21.11.2025 r. Wroc\u0142aw \u2013 hotel \u201c\u015al\u0105sk\u201d 20.11.2025 CZWARTEK 09:00 \u2013 9.45 Przyjazd i rejestracja uczestnik\u00f3w 9.45 Otwarcie wystawy Producent\u00f3w i Dystrybutor\u00f3w Diagnostyki Laboratoryjnej 10:15 \u2013 10:25 Otwarcie konferencji, przedstawienie nowego Zarz\u0105du OSKMLD. [&hellip;]<\/p>\n","protected":false},"author":20,"featured_media":5222,"comment_status":"closed","ping_status":"open","sticky":false,"template":"","format":"standard","meta":{"footnotes":""},"categories":[25],"tags":[],"class_list":["post-5231","post","type-post","status-publish","format-standard","has-post-thumbnail","hentry","category-aktualnosci-oddzial-wroclaw"],"_links":{"self":[{"href":"https:\/\/ptdl.pl\/index.php\/wp-json\/wp\/v2\/posts\/5231","targetHints":{"allow":["GET"]}}],"collection":[{"href":"https:\/\/ptdl.pl\/index.php\/wp-json\/wp\/v2\/posts"}],"about":[{"href":"https:\/\/ptdl.pl\/index.php\/wp-json\/wp\/v2\/types\/post"}],"author":[{"embeddable":true,"href":"https:\/\/ptdl.pl\/index.php\/wp-json\/wp\/v2\/users\/20"}],"replies":[{"embeddable":true,"href":"https:\/\/ptdl.pl\/index.php\/wp-json\/wp\/v2\/comments?post=5231"}],"version-history":[{"count":2,"href":"https:\/\/ptdl.pl\/index.php\/wp-json\/wp\/v2\/posts\/5231\/revisions"}],"predecessor-version":[{"id":5235,"href":"https:\/\/ptdl.pl\/index.php\/wp-json\/wp\/v2\/posts\/5231\/revisions\/5235"}],"wp:featuredmedia":[{"embeddable":true,"href":"https:\/\/ptdl.pl\/index.php\/wp-json\/wp\/v2\/media\/5222"}],"wp:attachment":[{"href":"https:\/\/ptdl.pl\/index.php\/wp-json\/wp\/v2\/media?parent=5231"}],"wp:term":[{"taxonomy":"category","embeddable":true,"href":"https:\/\/ptdl.pl\/index.php\/wp-json\/wp\/v2\/categories?post=5231"},{"taxonomy":"post_tag","embeddable":true,"href":"https:\/\/ptdl.pl\/index.php\/wp-json\/wp\/v2\/tags?post=5231"}],"curies":[{"name":"wp","href":"https:\/\/api.w.org\/{rel}","templated":true}]}}