{"id":5253,"date":"2025-10-01T12:03:18","date_gmt":"2025-10-01T10:03:18","guid":{"rendered":"https:\/\/ptdl.pl\/?p=5253"},"modified":"2025-10-01T12:03:18","modified_gmt":"2025-10-01T10:03:18","slug":"80-lat-wydzialu-farmaceutycznego-i-30-lat-analityki-medycznej-uniwersytetu-medycznego-w-lublinie","status":"publish","type":"post","link":"https:\/\/ptdl.pl\/index.php\/2025\/10\/01\/80-lat-wydzialu-farmaceutycznego-i-30-lat-analityki-medycznej-uniwersytetu-medycznego-w-lublinie\/","title":{"rendered":"80 lat Wydzia\u0142u Farmaceutycznego i 30 lat Analityki Medycznej Uniwersytetu Medycznego w Lublinie"},"content":{"rendered":"<div class=\"x_elementToProof\" data-olk-copy-source=\"MessageBody\">Szanowni Pa\u0144stwo,<\/div>\n<div><\/div>\n<div class=\"x_elementToProof\">W imieniu Organizatora serdecznie zapraszamy do udzia\u0142u w wyj\u0105tkowych obchodach <strong>80-lecia Wydzia\u0142u Farmaceutycznego oraz 30-lecia Analityki Medycznej Uniwersytetu Medycznego w Lublinie<\/strong>, kt\u00f3re odb\u0119d\u0105 si\u0119 w dniach <strong>23-25 pa\u017adziernika 2025 roku<\/strong>. W ramach tych uroczysto\u015bci odb\u0119dzie si\u0119 r\u00f3wnie\u017c <strong>Konferencja Naukowo-Szkoleniowa pt. \u201eFarmacja i Medycyna Laboratoryjna \u2013 aktualne trendy, wyzwania i rekomendacje\u201d<\/strong>.<\/div>\n<div class=\"x_elementToProof\">Konferencja ta b\u0119dzie wydarzeniem o charakterze interdyscyplinarnym, w kt\u00f3rym wezm\u0105 udzia\u0142 czo\u0142owi naukowcy, eksperci oraz specjali\u015bci z zakresu farmacji i medycyny laboratoryjnej, a tak\u017ce do\u015bwiadczeni lekarze klinicy\u015bci, kt\u00f3rzy podziel\u0105 si\u0119 swoj\u0105 wiedz\u0105 i do\u015bwiadczeniem. Celem konferencji jest r\u00f3wnie\u017c podkre\u015blenie zwi\u0105zk\u00f3w mi\u0119dzy uczelni\u0105 a \u015brodowiskiem zawodowym. Wydarzenie b\u0119dzie mia\u0142o form\u0119 hybrydow\u0105, umo\u017cliwiaj\u0105c uczestnictwo zar\u00f3wno na miejscu uroczysto\u015bci, jak i online, dzi\u0119ki transmisji do r\u00f3\u017cnych zak\u0105tk\u00f3w Polski i \u015bwiata.<\/div>\n<div class=\"x_elementToProof\">Serdecznie zapraszamy wszystkich absolwent\u00f3w kierunk\u00f3w farmacja, analityka medyczna i kosmetologia, a tak\u017ce przyjaci\u00f3\u0142 i sympatyk\u00f3w Wydzia\u0142u Farmaceutycznego do wsp\u00f3lnego \u015bwi\u0119towania naszych dotychczasowych osi\u0105gni\u0119\u0107 oraz spojrzenia w przysz\u0142o\u015b\u0107 farmacji i medycyny laboratoryjnej, pe\u0142nych innowacji i nowych wyzwa\u0144.<\/div>\n<div class=\"x_elementToProof\">Wi\u0119cej informacji na stronie:\u00a0<a id=\"LPlnk663080\" title=\"https:\/\/80latfarmacji.umlub.edu.pl\/\" href=\"https:\/\/80latfarmacji.umlub.edu.pl\/\" data-auth=\"NotApplicable\" data-linkindex=\"0\">https:\/\/80latfarmacji.umlub.edu.pl\/<\/a><\/div>\n<div class=\"x_elementToProof\"><\/div>\n<div class=\"x_elementToProof\">Wydarzenie zosta\u0142o obj\u0119te honorowym patronatem przez Polskie Towarzystwo Diagnostyki Laboratoryjnej.<\/div>\n","protected":false},"excerpt":{"rendered":"<p>Szanowni Pa\u0144stwo, W imieniu Organizatora serdecznie zapraszamy do udzia\u0142u w wyj\u0105tkowych obchodach 80-lecia Wydzia\u0142u Farmaceutycznego oraz 30-lecia Analityki Medycznej Uniwersytetu Medycznego w Lublinie, kt\u00f3re odb\u0119d\u0105 si\u0119 w dniach 23-25 pa\u017adziernika 2025 roku. W ramach tych uroczysto\u015bci odb\u0119dzie si\u0119 r\u00f3wnie\u017c Konferencja Naukowo-Szkoleniowa pt. \u201eFarmacja i Medycyna Laboratoryjna \u2013 aktualne trendy, wyzwania i rekomendacje\u201d. Konferencja ta b\u0119dzie [&hellip;]<\/p>\n","protected":false},"author":10,"featured_media":5254,"comment_status":"closed","ping_status":"open","sticky":false,"template":"","format":"standard","meta":{"footnotes":""},"categories":[6,15,26,1,28],"tags":[],"class_list":["post-5253","post","type-post","status-publish","format-standard","has-post-thumbnail","hentry","category-aktualnosci","category-aktualnosci-oddzial-lublin","category-aktualnosci-oddzialy-terenowe","category-bez-kategorii","category-konferencje"],"_links":{"self":[{"href":"https:\/\/ptdl.pl\/index.php\/wp-json\/wp\/v2\/posts\/5253","targetHints":{"allow":["GET"]}}],"collection":[{"href":"https:\/\/ptdl.pl\/index.php\/wp-json\/wp\/v2\/posts"}],"about":[{"href":"https:\/\/ptdl.pl\/index.php\/wp-json\/wp\/v2\/types\/post"}],"author":[{"embeddable":true,"href":"https:\/\/ptdl.pl\/index.php\/wp-json\/wp\/v2\/users\/10"}],"replies":[{"embeddable":true,"href":"https:\/\/ptdl.pl\/index.php\/wp-json\/wp\/v2\/comments?post=5253"}],"version-history":[{"count":3,"href":"https:\/\/ptdl.pl\/index.php\/wp-json\/wp\/v2\/posts\/5253\/revisions"}],"predecessor-version":[{"id":5259,"href":"https:\/\/ptdl.pl\/index.php\/wp-json\/wp\/v2\/posts\/5253\/revisions\/5259"}],"wp:featuredmedia":[{"embeddable":true,"href":"https:\/\/ptdl.pl\/index.php\/wp-json\/wp\/v2\/media\/5254"}],"wp:attachment":[{"href":"https:\/\/ptdl.pl\/index.php\/wp-json\/wp\/v2\/media?parent=5253"}],"wp:term":[{"taxonomy":"category","embeddable":true,"href":"https:\/\/ptdl.pl\/index.php\/wp-json\/wp\/v2\/categories?post=5253"},{"taxonomy":"post_tag","embeddable":true,"href":"https:\/\/ptdl.pl\/index.php\/wp-json\/wp\/v2\/tags?post=5253"}],"curies":[{"name":"wp","href":"https:\/\/api.w.org\/{rel}","templated":true}]}}