{"id":5300,"date":"2025-10-04T03:13:57","date_gmt":"2025-10-04T01:13:57","guid":{"rendered":"https:\/\/ptdl.pl\/?p=5300"},"modified":"2025-10-04T03:24:42","modified_gmt":"2025-10-04T01:24:42","slug":"zaproszenie","status":"publish","type":"post","link":"https:\/\/ptdl.pl\/index.php\/2025\/10\/04\/zaproszenie\/","title":{"rendered":"Zaproszenie na konferencj\u0119 profilaktyczno-edukacyjn\u0105 PROFILAKTYKA PRZECIWNOWOTWOROWA RECEPT\u0104 NA ZDROWIE"},"content":{"rendered":"<p>Wydzia\u0142 Nauk Farmaceutycznych w Sosnowcu wraz ze \u015al\u0105sk\u0105 Izb\u0105 Aptekarsk\u0105 w Katowicach, Polskim Towarzystwem Diagnostyki Laboratoryjnej\u00a0 oddzia\u0142 Katowice, Polskim Towarzystwem Farmaceutycznym oddzia\u0142 Katowice zaprasza wszystkich diagnost\u00f3w laboratoryjnych oraz inne osoby zatrudnione w medycznych laboratoriach diagnostycznych, farmaceut\u00f3w oraz technik\u00f3w farmacji na II Konferencj\u0119 profilaktyczno &#8211; edukacyjn\u0105 pt. &#8222;PROFILAKTYKA PRZECIWNOWOTWOROWA RECEPT\u0104 NA ZDROWIE &#8221;<\/p>\n<p>Wpisuj\u0105c si\u0119 w obchody tzw. R\u00f3\u017cowego Pa\u017adziernika &#8211; Miesi\u0105ca \u015awiadomo\u015bci Raka Piersi (24 X) oraz Dnia Wiedzy o Interp\u0142ciowo\u015bci (26 X) konferencja ma na celu &#8211; poprzez przedstawienie najbardziej aktualnych wynik\u00f3w bada\u0144 dotycz\u0105cych diagnostyki, terapii i monitorowania leczenia chor\u00f3b kobiet &#8211; podniesienie kwalifikacji zawodowych uczestnik\u00f3w wydarzenia a ponadto zwi\u0119kszenie\u00a0 \u015bwiadomo\u015bci na temat zdrowia fizycznego, psychicznego i spo\u0142ecznego kobiet na r\u00f3\u017cnych etapach \u017cycia.<\/p>\n<p>MIEJSCE I TERMIN:<\/p>\n<p><span style=\"text-decoration: underline\">24-25 X 2025<\/span> WYDZIA\u0141 NAUK FARMACEUTYCZNYCH W SOSNOWCU \u015aL\u0104SKIEGO UNIWERSYTETU MEDYCZNEGO SOSNOWIEC, UL JEDNO\u015aCI 8<\/p>\n<p>SZCZEG\u00d3\u0141Y REJESTRACJI: <a href=\"https:\/\/rozowysum.sum.edu.pl\">https:\/\/rozowysum.sum.edu.pl<\/a><\/p>\n<p>Serdecznie zapraszamy, b\u0105d\u017acie z nami w R\u00f3\u017cowym Pa\u017adzierniku!<\/p>\n<p>&nbsp;<\/p>\n","protected":false},"excerpt":{"rendered":"<p>Wydzia\u0142 Nauk Farmaceutycznych w Sosnowcu wraz ze \u015al\u0105sk\u0105 Izb\u0105 Aptekarsk\u0105 w Katowicach, Polskim Towarzystwem Diagnostyki Laboratoryjnej\u00a0 oddzia\u0142 Katowice, Polskim Towarzystwem Farmaceutycznym oddzia\u0142 Katowice zaprasza wszystkich diagnost\u00f3w laboratoryjnych oraz inne osoby zatrudnione w medycznych laboratoriach diagnostycznych, farmaceut\u00f3w oraz technik\u00f3w farmacji na II Konferencj\u0119 profilaktyczno &#8211; edukacyjn\u0105 pt. &#8222;PROFILAKTYKA PRZECIWNOWOTWOROWA RECEPT\u0104 NA ZDROWIE &#8221; Wpisuj\u0105c si\u0119 w [&hellip;]<\/p>\n","protected":false},"author":25,"featured_media":5315,"comment_status":"closed","ping_status":"open","sticky":false,"template":"","format":"standard","meta":{"footnotes":""},"categories":[6,11,28],"tags":[],"class_list":["post-5300","post","type-post","status-publish","format-standard","has-post-thumbnail","hentry","category-aktualnosci","category-aktualnosci-oddzial-katowice","category-konferencje"],"_links":{"self":[{"href":"https:\/\/ptdl.pl\/index.php\/wp-json\/wp\/v2\/posts\/5300","targetHints":{"allow":["GET"]}}],"collection":[{"href":"https:\/\/ptdl.pl\/index.php\/wp-json\/wp\/v2\/posts"}],"about":[{"href":"https:\/\/ptdl.pl\/index.php\/wp-json\/wp\/v2\/types\/post"}],"author":[{"embeddable":true,"href":"https:\/\/ptdl.pl\/index.php\/wp-json\/wp\/v2\/users\/25"}],"replies":[{"embeddable":true,"href":"https:\/\/ptdl.pl\/index.php\/wp-json\/wp\/v2\/comments?post=5300"}],"version-history":[{"count":9,"href":"https:\/\/ptdl.pl\/index.php\/wp-json\/wp\/v2\/posts\/5300\/revisions"}],"predecessor-version":[{"id":5306,"href":"https:\/\/ptdl.pl\/index.php\/wp-json\/wp\/v2\/posts\/5300\/revisions\/5306"}],"wp:featuredmedia":[{"embeddable":true,"href":"https:\/\/ptdl.pl\/index.php\/wp-json\/wp\/v2\/media\/5315"}],"wp:attachment":[{"href":"https:\/\/ptdl.pl\/index.php\/wp-json\/wp\/v2\/media?parent=5300"}],"wp:term":[{"taxonomy":"category","embeddable":true,"href":"https:\/\/ptdl.pl\/index.php\/wp-json\/wp\/v2\/categories?post=5300"},{"taxonomy":"post_tag","embeddable":true,"href":"https:\/\/ptdl.pl\/index.php\/wp-json\/wp\/v2\/tags?post=5300"}],"curies":[{"name":"wp","href":"https:\/\/api.w.org\/{rel}","templated":true}]}}