{"id":5518,"date":"2025-11-30T13:37:22","date_gmt":"2025-11-30T12:37:22","guid":{"rendered":"https:\/\/ptdl.pl\/?p=5518"},"modified":"2025-12-04T15:40:27","modified_gmt":"2025-12-04T14:40:27","slug":"ii-konferencja-naukowo-szkoleniowa-wspolczesna-diagnostyka-laboratoryjna-roznorodnosc-sila-synergii-program-i-zapisy","status":"publish","type":"post","link":"https:\/\/ptdl.pl\/index.php\/2025\/11\/30\/ii-konferencja-naukowo-szkoleniowa-wspolczesna-diagnostyka-laboratoryjna-roznorodnosc-sila-synergii-program-i-zapisy\/","title":{"rendered":"II konferencja naukowo-szkoleniowa \u201eWsp\u00f3\u0142czesna diagnostyka laboratoryjna \u2013 r\u00f3\u017cnorodno\u015b\u0107 si\u0142\u0105 synergii\u201d &#8211; PROGRAM I ZAPISY"},"content":{"rendered":"<div class=\"xdj266r x14z9mp xat24cr x1lziwak x1vvkbs x126k92a\">\n<div dir=\"auto\">11 grudnia 2025 r. na Wydziale Farmaceutycznym Uniwersytetu Medycznego we Wroc\u0142awiu odb\u0119dzie si\u0119 II konferencja naukowo-szkoleniowa \u201eWsp\u00f3\u0142czesna diagnostyka laboratoryjna \u2013 r\u00f3\u017cnorodno\u015b\u0107 si\u0142\u0105 synergii\u201d. Wydarzenie ma formu\u0142\u0119 stacjonarn\u0105.<\/div>\n<\/div>\n<div class=\"x14z9mp xat24cr x1lziwak x1vvkbs xtlvy1s x126k92a\">\n<div dir=\"auto\">Wydarzenie b\u0119dzie okazj\u0105 do spotkania diagnost\u00f3w z Dolnego \u015al\u0105ska i Lubuskiego oraz om\u00f3wienia aktualnych zagadnie\u0144 z zakresu serologii, mikrobiologii, prawa medycznego, cytologii, genetyki i diagnostyki laboratoryjnej.<\/div>\n<\/div>\n<div class=\"x14z9mp xat24cr x1lziwak x1vvkbs xtlvy1s x126k92a\">\n<div dir=\"auto\"><span class=\"html-span xexx8yu xyri2b x18d9i69 x1c1uobl x1hl2dhg x16tdsg8 x1vvkbs x3nfvp2 x1j61x8r x1fcty0u xdj266r xat24cr xm2jcoa x1mpyi22 xxymvpz xlup9mm x1kky2od\"><img loading=\"lazy\" decoding=\"async\" class=\"xz74otr x15mokao x1ga7v0g x16uus16 xbiv7yw\" src=\"https:\/\/static.xx.fbcdn.net\/images\/emoji.php\/v9\/tac\/1\/16\/1f4cc.png\" alt=\"\ud83d\udccc\" width=\"16\" height=\"16\" \/><\/span> Wydzia\u0142 Farmaceutyczny Uniwersytet Medyczny im. Piast\u00f3w \u015al\u0105skich, ul. Borowska 211 Wroc\u0142aw<\/div>\n<\/div>\n<div class=\"x14z9mp xat24cr x1lziwak x1vvkbs xtlvy1s x126k92a\">\n<div dir=\"auto\">Link do zapis\u00f3w:<\/div>\n<div dir=\"auto\"><\/div>\n<\/div>\n<div class=\"x14z9mp xat24cr x1lziwak x1vvkbs xtlvy1s x126k92a\">\n<div dir=\"auto\"><a href=\"https:\/\/forms.office.com\/pages\/responsepage.aspx?id=ZA0cHkz9H0Kzn85-c9hap_z703vCRy9DkNQHo1NNeyhUNUxBWENHR0ZJQzBQSVM4NkVCTU1GQ0hOWi4u&amp;route=shorturl&amp;fbclid=IwY2xjawOZGK1leHRuA2FlbQIxMABicmlkETFjT1dBSXFOM1hjVWZ6SlBRc3J0YwZhcHBfaWQQMjIyMDM5MTc4ODIwMDg5MgABHq7CEQIw6AdoO1Tu-LqDJZFAyVxWJO__5xgduciSiMVebVQQAL7sTK-yRhQ1_aem_co4cEzjdrVbSwHpa4xk3IA\">https:\/\/forms.office.com\/pages\/responsepage.aspx?id=ZA0cHkz9H0Kzn85-9hap_z703vCRy9DkNQHo1NNeyhUNUxBWENHR0ZJQzBQSVM4NkVCTU1GQ0hOWi4u&amp;route=shorturl&amp;fbclid=IwY2xjawOZGK1leHRuA2FlbQIxMABicmlkETFjT1dBSXFOM1hjVWZ6SlBRc3J0YwZhcHBfaWQQMjIyMDM5MTc4ODIwMDg5MgABHq7CEQIw6AdoO1Tu-LqDJZFAyVxWJO__5xgduciSiMVebVQQAL7sTK-yRhQ1_aem_co4cEzjdrVbSwHpa4xk3IA<\/a><\/div>\n<\/div>\n<div dir=\"auto\">w razie pyta\u0144 prosimy o kontakt: ptdlwroclaw@gmail.com<\/div>\n<div class=\"x14z9mp xat24cr x1lziwak x1vvkbs xtlvy1s x126k92a\">\n<div class=\"mcafee_green\"><\/div>\n<\/div>\n<div><a href=\"https:\/\/ptdl.pl\/ptdl\/wp-content\/uploads\/2025\/11\/Program-6.pdf\" class=\"pdfemb-viewer\" style=\"width:900px;\" data-width=\"900\" data-height=\"max\" data-toolbar=\"both\" data-toolbar-fixed=\"off\">Program (6)<\/a><\/div>\n","protected":false},"excerpt":{"rendered":"<p>11 grudnia 2025 r. na Wydziale Farmaceutycznym Uniwersytetu Medycznego we Wroc\u0142awiu odb\u0119dzie si\u0119 II konferencja naukowo-szkoleniowa \u201eWsp\u00f3\u0142czesna diagnostyka laboratoryjna \u2013 r\u00f3\u017cnorodno\u015b\u0107 si\u0142\u0105 synergii\u201d. Wydarzenie ma formu\u0142\u0119 stacjonarn\u0105. Wydarzenie b\u0119dzie okazj\u0105 do spotkania diagnost\u00f3w z Dolnego \u015al\u0105ska i Lubuskiego oraz om\u00f3wienia aktualnych zagadnie\u0144 z zakresu serologii, mikrobiologii, prawa medycznego, cytologii, genetyki i diagnostyki laboratoryjnej. Wydzia\u0142 Farmaceutyczny [&hellip;]<\/p>\n","protected":false},"author":20,"featured_media":4022,"comment_status":"closed","ping_status":"open","sticky":false,"template":"","format":"standard","meta":{"footnotes":""},"categories":[25,28],"tags":[],"class_list":["post-5518","post","type-post","status-publish","format-standard","has-post-thumbnail","hentry","category-aktualnosci-oddzial-wroclaw","category-konferencje"],"_links":{"self":[{"href":"https:\/\/ptdl.pl\/index.php\/wp-json\/wp\/v2\/posts\/5518","targetHints":{"allow":["GET"]}}],"collection":[{"href":"https:\/\/ptdl.pl\/index.php\/wp-json\/wp\/v2\/posts"}],"about":[{"href":"https:\/\/ptdl.pl\/index.php\/wp-json\/wp\/v2\/types\/post"}],"author":[{"embeddable":true,"href":"https:\/\/ptdl.pl\/index.php\/wp-json\/wp\/v2\/users\/20"}],"replies":[{"embeddable":true,"href":"https:\/\/ptdl.pl\/index.php\/wp-json\/wp\/v2\/comments?post=5518"}],"version-history":[{"count":5,"href":"https:\/\/ptdl.pl\/index.php\/wp-json\/wp\/v2\/posts\/5518\/revisions"}],"predecessor-version":[{"id":5531,"href":"https:\/\/ptdl.pl\/index.php\/wp-json\/wp\/v2\/posts\/5518\/revisions\/5531"}],"wp:featuredmedia":[{"embeddable":true,"href":"https:\/\/ptdl.pl\/index.php\/wp-json\/wp\/v2\/media\/4022"}],"wp:attachment":[{"href":"https:\/\/ptdl.pl\/index.php\/wp-json\/wp\/v2\/media?parent=5518"}],"wp:term":[{"taxonomy":"category","embeddable":true,"href":"https:\/\/ptdl.pl\/index.php\/wp-json\/wp\/v2\/categories?post=5518"},{"taxonomy":"post_tag","embeddable":true,"href":"https:\/\/ptdl.pl\/index.php\/wp-json\/wp\/v2\/tags?post=5518"}],"curies":[{"name":"wp","href":"https:\/\/api.w.org\/{rel}","templated":true}]}}