{"id":5599,"date":"2026-01-19T04:04:25","date_gmt":"2026-01-19T03:04:25","guid":{"rendered":"https:\/\/ptdl.pl\/?p=5599"},"modified":"2026-01-22T22:46:14","modified_gmt":"2026-01-22T21:46:14","slug":"posiedzenie-naukowo-szkoleniowe-on-line-29-01-2026-r","status":"publish","type":"post","link":"https:\/\/ptdl.pl\/index.php\/2026\/01\/19\/posiedzenie-naukowo-szkoleniowe-on-line-29-01-2026-r\/","title":{"rendered":"Posiedzenie naukowo-szkoleniowe on-line 29.01.2026 r-odwo\u0142ane"},"content":{"rendered":"<p style=\"text-align: center\"><strong>Zarz\u0105d Oddzia\u0142u PTDL w Bydgoszczy<\/strong><\/p>\n<p style=\"text-align: center\"><strong>z przykro\u015bci\u0105 informuje,\u017ce zapowiedziane na 29.01.2026 r\u00a0posiedzenie naukowo \u2013 szkoleniowe w formie <span style=\"color: #ff0000\">on-line <\/span><\/strong><\/p>\n<p style=\"text-align: center\"><strong><span style=\"color: #ff0000\">z wyk\u0142adem dr hab. n. med. Anna Mertas, prof. \u015aUM,<\/span><\/strong><\/p>\n<p style=\"text-align: center\"><span style=\"color: #0000ff\"><strong><span style=\"font-size: 14px\">pt &#8222;Markery stanu zapalnego &#8211; co wiemy i czego jeszcze nie<\/span><\/strong><\/span><\/p>\n<p style=\"text-align: center\"><span style=\"color: #0000ff;font-size: 14px\"><strong>wiemy?&#8221;<\/strong><\/span><\/p>\n<p style=\"text-align: center\"><span style=\"font-size: 14px\">\u00a0 \u00a0 \u00a0\u00a0<strong><span style=\"font-size: 16px;color: #0000ff\"> \u00a0 \u00a0 nie odb\u0119dzie si\u0119 z przyczyn niezale\u017cnych od Wyk\u0142ad<\/span><\/strong><\/span><strong><span style=\"font-size: 16px;color: #0000ff\">owcy i organizator\u00f3w<\/span><\/strong><\/p>\n<p style=\"text-align: center\">\n","protected":false},"excerpt":{"rendered":"<p>Zarz\u0105d Oddzia\u0142u PTDL w Bydgoszczy z przykro\u015bci\u0105 informuje,\u017ce zapowiedziane na 29.01.2026 r\u00a0posiedzenie naukowo \u2013 szkoleniowe w formie on-line z wyk\u0142adem dr hab. n. med. Anna Mertas, prof. \u015aUM, pt &#8222;Markery stanu zapalnego &#8211; co wiemy i czego jeszcze nie wiemy?&#8221; \u00a0 \u00a0 \u00a0\u00a0 \u00a0 \u00a0 nie odb\u0119dzie si\u0119 z przyczyn niezale\u017cnych od Wyk\u0142adowcy i organizator\u00f3w<\/p>\n","protected":false},"author":21,"featured_media":2961,"comment_status":"closed","ping_status":"open","sticky":false,"template":"","format":"standard","meta":{"footnotes":""},"categories":[9,1],"tags":[],"class_list":["post-5599","post","type-post","status-publish","format-standard","has-post-thumbnail","hentry","category-aktualnosci-oddzial-bydgoszcz","category-bez-kategorii"],"_links":{"self":[{"href":"https:\/\/ptdl.pl\/index.php\/wp-json\/wp\/v2\/posts\/5599","targetHints":{"allow":["GET"]}}],"collection":[{"href":"https:\/\/ptdl.pl\/index.php\/wp-json\/wp\/v2\/posts"}],"about":[{"href":"https:\/\/ptdl.pl\/index.php\/wp-json\/wp\/v2\/types\/post"}],"author":[{"embeddable":true,"href":"https:\/\/ptdl.pl\/index.php\/wp-json\/wp\/v2\/users\/21"}],"replies":[{"embeddable":true,"href":"https:\/\/ptdl.pl\/index.php\/wp-json\/wp\/v2\/comments?post=5599"}],"version-history":[{"count":5,"href":"https:\/\/ptdl.pl\/index.php\/wp-json\/wp\/v2\/posts\/5599\/revisions"}],"predecessor-version":[{"id":5622,"href":"https:\/\/ptdl.pl\/index.php\/wp-json\/wp\/v2\/posts\/5599\/revisions\/5622"}],"wp:featuredmedia":[{"embeddable":true,"href":"https:\/\/ptdl.pl\/index.php\/wp-json\/wp\/v2\/media\/2961"}],"wp:attachment":[{"href":"https:\/\/ptdl.pl\/index.php\/wp-json\/wp\/v2\/media?parent=5599"}],"wp:term":[{"taxonomy":"category","embeddable":true,"href":"https:\/\/ptdl.pl\/index.php\/wp-json\/wp\/v2\/categories?post=5599"},{"taxonomy":"post_tag","embeddable":true,"href":"https:\/\/ptdl.pl\/index.php\/wp-json\/wp\/v2\/tags?post=5599"}],"curies":[{"name":"wp","href":"https:\/\/api.w.org\/{rel}","templated":true}]}}