{"id":5795,"date":"2026-03-10T08:07:22","date_gmt":"2026-03-10T07:07:22","guid":{"rendered":"https:\/\/ptdl.pl\/?p=5795"},"modified":"2026-03-10T08:12:52","modified_gmt":"2026-03-10T07:12:52","slug":"sukces-przedstawicielki-ptdl-w-strukturach-eflm","status":"publish","type":"post","link":"https:\/\/ptdl.pl\/index.php\/2026\/03\/10\/sukces-przedstawicielki-ptdl-w-strukturach-eflm\/","title":{"rendered":"Sukces przedstawicielki PTDL w strukturach EFLM"},"content":{"rendered":"<div class='flex_column av-3uswqb-2c3ae7740fc95757462f184ee25af9da av_one_fourth  avia-builder-el-0  el_before_av_one_half  avia-builder-el-first  first flex_column_div '     ><\/div>\n<div class='flex_column av-2kx8ur-22a7dd57f0b2e9d886d307a0c27632b1 av_one_half  avia-builder-el-1  el_after_av_one_fourth  el_before_av_one_fourth  flex_column_div '     ><section  class='av_textblock_section av-mmk9u0eg-7f0ee182930c064417ca9de76db12acf'  itemscope=\"itemscope\" itemtype=\"https:\/\/schema.org\/BlogPosting\" itemprop=\"blogPost\" ><div class='avia_textblock'  itemprop=\"text\" ><div class=\"xdj266r x14z9mp xat24cr x1lziwak x1vvkbs x126k92a\">\n<div dir=\"auto\">Szanowni Pa\u0144stwo,<\/div>\n<div dir=\"auto\" style=\"text-align: justify;\">z prawdziw\u0105 satysfakcj\u0105 i dum\u0105 informujemy, \u017ce Pani dr hab. Olga Martyna Koper-Lenkiewicz zosta\u0142a powo\u0142ana na stanowisko Przewodnicz\u0105cej Komitetu \u201eEtyka w Medycynie Laboratoryjnej\u201d (C-ETHICS) Europejskiej Federacji Medycyny Laboratoryjnej (EFLM).<\/div>\n<div dir=\"auto\" style=\"text-align: justify;\">Prosz\u0119 przyj\u0105\u0107 wyrazy najwy\u017cszego uznania oraz \u017cyczenia wielu sukces\u00f3w w realizacji nowych wyzwa\u0144, a tak\u017ce dalszych osi\u0105gni\u0119\u0107 naukowych i organizacyjnych.<\/div>\n<\/div>\n<div class=\"x14z9mp xat24cr x1lziwak x1vvkbs xtlvy1s x126k92a\">\n<div dir=\"auto\" style=\"text-align: right;\">Z wyrazami szacunku<\/div>\n<div dir=\"auto\" style=\"text-align: right;\">Katarzyna Winsz-Szczotka<\/div>\n<div dir=\"auto\" style=\"text-align: right;\">Prezes<\/div>\n<div dir=\"auto\" style=\"text-align: right;\">Polskiego Towarzystwa Diagnostyki Laboratoryjnej<\/div>\n<\/div>\n<\/div><\/section><\/div><div class='flex_column av-34nrk3-5f7b87d74eb79b9c15ca69d44dd569a8 av_one_fourth  avia-builder-el-3  el_after_av_one_half  el_before_av_one_full  flex_column_div '     ><\/div><\/p>\n<div class='flex_column av-av_one_full-7714eba142aeda1f8b5272a3c372b279 av_one_full  avia-builder-el-4  el_after_av_one_fourth  avia-builder-el-last  first flex_column_div column-top-margin'     ><style type=\"text\/css\" data-created_by=\"avia_inline_auto\" id=\"style-css-av-mmk9otly-0d4b33a6f6a944f057077ecd94717216\">\n.avia-image-container.av-mmk9otly-0d4b33a6f6a944f057077ecd94717216 img.avia_image{\nbox-shadow:none;\n}\n.avia-image-container.av-mmk9otly-0d4b33a6f6a944f057077ecd94717216 .av-image-caption-overlay-center{\ncolor:#ffffff;\n}\n<\/style>\n<div  class='avia-image-container av-mmk9otly-0d4b33a6f6a944f057077ecd94717216 av-styling- avia-align-center  avia-builder-el-5  avia-builder-el-no-sibling '   itemprop=\"image\" itemscope=\"itemscope\" itemtype=\"https:\/\/schema.org\/ImageObject\" ><div class=\"avia-image-container-inner\"><div class=\"avia-image-overlay-wrap\"><img decoding=\"async\" class='wp-image-5797 avia-img-lazy-loading-not-5797 avia_image ' src=\"https:\/\/ptdl.pl\/ptdl\/wp-content\/uploads\/2026\/03\/Sukces-polskiej-przedstawicielki-w-strukturach-EFLM.jpg\" alt='' title='Sukces polskiej przedstawicielki w strukturach EFLM'  height=\"834\" width=\"1280\"  itemprop=\"thumbnailUrl\" srcset=\"https:\/\/ptdl.pl\/ptdl\/wp-content\/uploads\/2026\/03\/Sukces-polskiej-przedstawicielki-w-strukturach-EFLM.jpg 1280w, https:\/\/ptdl.pl\/ptdl\/wp-content\/uploads\/2026\/03\/Sukces-polskiej-przedstawicielki-w-strukturach-EFLM-300x195.jpg 300w, https:\/\/ptdl.pl\/ptdl\/wp-content\/uploads\/2026\/03\/Sukces-polskiej-przedstawicielki-w-strukturach-EFLM-1030x671.jpg 1030w, https:\/\/ptdl.pl\/ptdl\/wp-content\/uploads\/2026\/03\/Sukces-polskiej-przedstawicielki-w-strukturach-EFLM-768x500.jpg 768w, https:\/\/ptdl.pl\/ptdl\/wp-content\/uploads\/2026\/03\/Sukces-polskiej-przedstawicielki-w-strukturach-EFLM-705x459.jpg 705w\" sizes=\"(max-width: 1280px) 100vw, 1280px\" \/><\/div><\/div><\/div><\/div>\n","protected":false},"excerpt":{"rendered":"","protected":false},"author":1,"featured_media":5797,"comment_status":"closed","ping_status":"open","sticky":false,"template":"","format":"standard","meta":{"footnotes":""},"categories":[5],"tags":[],"class_list":["post-5795","post","type-post","status-publish","format-standard","has-post-thumbnail","hentry","category-aktualnosci-zarzad"],"_links":{"self":[{"href":"https:\/\/ptdl.pl\/index.php\/wp-json\/wp\/v2\/posts\/5795","targetHints":{"allow":["GET"]}}],"collection":[{"href":"https:\/\/ptdl.pl\/index.php\/wp-json\/wp\/v2\/posts"}],"about":[{"href":"https:\/\/ptdl.pl\/index.php\/wp-json\/wp\/v2\/types\/post"}],"author":[{"embeddable":true,"href":"https:\/\/ptdl.pl\/index.php\/wp-json\/wp\/v2\/users\/1"}],"replies":[{"embeddable":true,"href":"https:\/\/ptdl.pl\/index.php\/wp-json\/wp\/v2\/comments?post=5795"}],"version-history":[{"count":6,"href":"https:\/\/ptdl.pl\/index.php\/wp-json\/wp\/v2\/posts\/5795\/revisions"}],"predecessor-version":[{"id":5803,"href":"https:\/\/ptdl.pl\/index.php\/wp-json\/wp\/v2\/posts\/5795\/revisions\/5803"}],"wp:featuredmedia":[{"embeddable":true,"href":"https:\/\/ptdl.pl\/index.php\/wp-json\/wp\/v2\/media\/5797"}],"wp:attachment":[{"href":"https:\/\/ptdl.pl\/index.php\/wp-json\/wp\/v2\/media?parent=5795"}],"wp:term":[{"taxonomy":"category","embeddable":true,"href":"https:\/\/ptdl.pl\/index.php\/wp-json\/wp\/v2\/categories?post=5795"},{"taxonomy":"post_tag","embeddable":true,"href":"https:\/\/ptdl.pl\/index.php\/wp-json\/wp\/v2\/tags?post=5795"}],"curies":[{"name":"wp","href":"https:\/\/api.w.org\/{rel}","templated":true}]}}