{"id":5820,"date":"2026-03-11T17:59:38","date_gmt":"2026-03-11T16:59:38","guid":{"rendered":"https:\/\/ptdl.pl\/?p=5820"},"modified":"2026-03-15T16:08:47","modified_gmt":"2026-03-15T15:08:47","slug":"konferencja-lodzkie-spotkania-diagnostyczne-2026-priorytety-w-medycynie-laboratoryjnej","status":"publish","type":"post","link":"https:\/\/ptdl.pl\/index.php\/2026\/03\/11\/konferencja-lodzkie-spotkania-diagnostyczne-2026-priorytety-w-medycynie-laboratoryjnej\/","title":{"rendered":"Konferencja &#8222;\u0141\u00f3dzkie Spotkania Diagnostyczne 2026 &#8211; Priorytety w Medycynie Laboratoryjnej&#8221;"},"content":{"rendered":"<p>Szanowni Pa\u0144stwo<\/p>\n<p>w imieniu Zarz\u0105du PTDL Oddzia\u0142 \u0141\u00f3d\u017a oraz swoim mam zaszczyt zaprosi\u0107 Pa\u0144stwa do udzia\u0142u w konferencji naukowo-szkoleniowej\u00a0<strong>\u201e\u0141\u00f3dzkie Spotkania Diagnostyczne 2026 \u2013 Priorytety w Medycynie Laboratoryjnej\u201d<\/strong>, kt\u00f3ra odb\u0119dzie si\u0119 w dniach\u00a0<strong>15\u201316 maja 2026 roku<\/strong>\u00a0w malowniczo po\u0142o\u017conym o\u015brodku\u00a0<strong>MOLO Resort w Smardzewicach nad Zalewem Sulejowskim<\/strong>.<\/p>\n<p>Program konferencji obejmuje szerokie spektrum zagadnie\u0144 zwi\u0105zanych z praktyk\u0105 diagnostyki laboratoryjnej. W trakcie wyk\u0142ad\u00f3w eksperckich poruszone zostan\u0105 m.in. tematy dotycz\u0105ce diagnostyki mikrobiologicznej i zaka\u017ce\u0144, immunologii klinicznej, diagnostyki molekularnej, nowych biomarker\u00f3w, jako\u015bci bada\u0144 laboratoryjnych oraz wsp\u00f3\u0142czesnych wyzwa\u0144 w diagnostyce chor\u00f3b przewlek\u0142ych.<\/p>\n<p>Szczeg\u00f3lne miejsce w programie zajm\u0105 r\u00f3wnie\u017c\u00a0<strong>prezentacje przypadk\u00f3w klinicznych przygotowane przez diagnost\u00f3w laboratoryjnych<\/strong>, kt\u00f3re pozwol\u0105 na wymian\u0119 do\u015bwiadcze\u0144 oraz dyskusj\u0119 nad praktycznymi aspektami codziennej pracy w laboratorium.<\/p>\n<p>Serdecznie zapraszamy r\u00f3wnie\u017c do udzia\u0142u w\u00a0<strong>sesji plakatowej<\/strong>, kt\u00f3ra stanowi doskona\u0142\u0105 okazj\u0119 do\u00a0<strong>zaprezentowania wynik\u00f3w w\u0142asnej pracy zawodowej i dzia\u0142alno\u015bci naukowej<\/strong>. Udzia\u0142 w sesji plakatowej umo\u017cliwia przedstawienie osi\u0105gni\u0119\u0107 badawczych, wymian\u0119 do\u015bwiadcze\u0144 z innymi uczestnikami konferencji, a tak\u017ce\u00a0<strong>uzyskanie punktu w procesie kwalifikacji do ubiegania si\u0119 o rozpocz\u0119cie specjalizacji w dziedzinie diagnostyki laboratoryjnej<\/strong>.<\/p>\n<p>Wierzymy, \u017ce spotkanie stanie si\u0119 przestrzeni\u0105 inspiruj\u0105cej dyskusji, integracji \u015brodowiska oraz wymiany wiedzy mi\u0119dzy diagnostami laboratoryjnymi, lekarzami i przedstawicielami \u015bwiata nauki.<\/p>\n<p>Serdecznie zapraszamy Pa\u0144stwa do udzia\u0142u w konferencji oraz wsp\u00f3\u0142tworzenia wydarzenia, kt\u00f3re od lat stanowi wa\u017cne forum dialogu i rozwoju dla \u015brodowiska \u0142\u00f3dzkiej diagnostyki laboratoryjnej.<\/p>\n<p>Link do zapis\u00f3w wraz z programem wydarzenia:\u00a0<a href=\"https:\/\/glc.edu.pl\/konferencje\/ptdl\" target=\"_blank\" rel=\"noopener\" data-saferedirecturl=\"https:\/\/www.google.com\/url?q=https:\/\/glc.edu.pl\/konferencje\/ptdl&amp;source=gmail&amp;ust=1773334255637000&amp;usg=AOvVaw2XXfgHiJZ3u_HZdkgE9vCD\">https:\/\/glc.edu.<wbr \/>pl\/konferencje\/ptdl<\/a><\/p>\n<p>Z wyrazami szacunku<\/p>\n<p><strong>Dr n. med. Alina Niewiadomska<\/strong><br \/>\nPrzewodnicz\u0105ca PTDL Oddzia\u0142 \u0141\u00f3d\u017a<\/p>\n<p><img loading=\"lazy\" decoding=\"async\" class=\"aligncenter size-full wp-image-5829\" src=\"https:\/\/ptdl.pl\/ptdl\/wp-content\/uploads\/2026\/03\/620x300-1.png\" alt=\"\" width=\"620\" height=\"300\" srcset=\"https:\/\/ptdl.pl\/ptdl\/wp-content\/uploads\/2026\/03\/620x300-1.png 620w, https:\/\/ptdl.pl\/ptdl\/wp-content\/uploads\/2026\/03\/620x300-1-300x145.png 300w\" sizes=\"auto, (max-width: 620px) 100vw, 620px\" \/><\/p>\n","protected":false},"excerpt":{"rendered":"<p>Szanowni Pa\u0144stwo w imieniu Zarz\u0105du PTDL Oddzia\u0142 \u0141\u00f3d\u017a oraz swoim mam zaszczyt zaprosi\u0107 Pa\u0144stwa do udzia\u0142u w konferencji naukowo-szkoleniowej\u00a0\u201e\u0141\u00f3dzkie Spotkania Diagnostyczne 2026 \u2013 Priorytety w Medycynie Laboratoryjnej\u201d, kt\u00f3ra odb\u0119dzie si\u0119 w dniach\u00a015\u201316 maja 2026 roku\u00a0w malowniczo po\u0142o\u017conym o\u015brodku\u00a0MOLO Resort w Smardzewicach nad Zalewem Sulejowskim. Program konferencji obejmuje szerokie spektrum zagadnie\u0144 zwi\u0105zanych z praktyk\u0105 diagnostyki laboratoryjnej. [&hellip;]<\/p>\n","protected":false},"author":22,"featured_media":5828,"comment_status":"closed","ping_status":"open","sticky":false,"template":"","format":"standard","meta":{"footnotes":""},"categories":[6,17,28],"tags":[],"class_list":["post-5820","post","type-post","status-publish","format-standard","has-post-thumbnail","hentry","category-aktualnosci","category-aktualnosci-oddzial-lodz","category-konferencje"],"_links":{"self":[{"href":"https:\/\/ptdl.pl\/index.php\/wp-json\/wp\/v2\/posts\/5820","targetHints":{"allow":["GET"]}}],"collection":[{"href":"https:\/\/ptdl.pl\/index.php\/wp-json\/wp\/v2\/posts"}],"about":[{"href":"https:\/\/ptdl.pl\/index.php\/wp-json\/wp\/v2\/types\/post"}],"author":[{"embeddable":true,"href":"https:\/\/ptdl.pl\/index.php\/wp-json\/wp\/v2\/users\/22"}],"replies":[{"embeddable":true,"href":"https:\/\/ptdl.pl\/index.php\/wp-json\/wp\/v2\/comments?post=5820"}],"version-history":[{"count":5,"href":"https:\/\/ptdl.pl\/index.php\/wp-json\/wp\/v2\/posts\/5820\/revisions"}],"predecessor-version":[{"id":5827,"href":"https:\/\/ptdl.pl\/index.php\/wp-json\/wp\/v2\/posts\/5820\/revisions\/5827"}],"wp:featuredmedia":[{"embeddable":true,"href":"https:\/\/ptdl.pl\/index.php\/wp-json\/wp\/v2\/media\/5828"}],"wp:attachment":[{"href":"https:\/\/ptdl.pl\/index.php\/wp-json\/wp\/v2\/media?parent=5820"}],"wp:term":[{"taxonomy":"category","embeddable":true,"href":"https:\/\/ptdl.pl\/index.php\/wp-json\/wp\/v2\/categories?post=5820"},{"taxonomy":"post_tag","embeddable":true,"href":"https:\/\/ptdl.pl\/index.php\/wp-json\/wp\/v2\/tags?post=5820"}],"curies":[{"name":"wp","href":"https:\/\/api.w.org\/{rel}","templated":true}]}}