{"id":5916,"date":"2026-03-29T14:24:45","date_gmt":"2026-03-29T12:24:45","guid":{"rendered":"https:\/\/ptdl.pl\/?p=5916"},"modified":"2026-03-29T14:24:45","modified_gmt":"2026-03-29T12:24:45","slug":"konferencja-zdrowie-zaczyna-sie-od-wiedzy-mtp-20-05-2026r","status":"publish","type":"post","link":"https:\/\/ptdl.pl\/index.php\/2026\/03\/29\/konferencja-zdrowie-zaczyna-sie-od-wiedzy-mtp-20-05-2026r\/","title":{"rendered":"Konferencja \u201e Zdrowie zaczyna si\u0119 od wiedzy\u201d &#8211; MTP 20.05.2026r."},"content":{"rendered":"<p>Szanowni Pa\u0144stwo, Diagno\u015bci Laboratoryjni,<\/p>\n<p>W imieniu zarz\u0105du Polskiego Towarzystwa Diagnostyki Laboratoryjnej oddzia\u0142 Pozna\u0144 oraz firmy Nowy Adres mamy zaszczyt zaprosi\u0107 Pa\u0144stwa do udzia\u0142u w konferencji naukowej: \u201e<strong>Zdrowie zaczyna si\u0119 od wiedzy\u201d<\/strong>, kt\u00f3ra odb\u0119dzie si\u0119<br \/>\n<strong>20 maja 2026 r. o godzinie 10.00 w Pozna\u0144 Congress Centre w Poznaniu, ul. G\u0142ogowska 10.<br \/>\n<\/strong>Wydarzenie to towarzyszy Targom Sprz\u0119tu i Wyposa\u017cenia Medycznego SALMED. Konferencja ta b\u0119dzie wydarzeniem o charakterze interdyscyplinarnym, w kt\u00f3rym wezm\u0105 udzia\u0142 czo\u0142owi naukowcy, eksperci oraz specjali\u015bci z zakresu medycyny laboratoryjnej, a tak\u017ce do\u015bwiadczeni lekarze klinicy\u015bci, kt\u00f3rzy podziel\u0105 si\u0119 swoj\u0105 wiedz\u0105 i do\u015bwiadczeniem. Wierzymy, \u017ce spotkanie stanie si\u0119 przestrzeni\u0105 inspiruj\u0105cej dyskusji, integracji \u015brodowiska oraz wymiany wiedzy mi\u0119dzy diagnostami laboratoryjnymi, lekarzami i przedstawicielami \u015bwiata nauki. Udzia\u0142 w konferencji jest bezp\u0142atny, ale wymagana jest rejestracja.<\/p>\n<p>B\u0119dzie nam niezwykle mi\u0142o go\u015bci\u0107 Pa\u0144stwa podczas tego wydarzenia.<\/p>\n<p>Wi\u0119cej informacji na stronie PTDL o\/Pozna\u0144 w terminie p\u00f3\u017aniejszym.<\/p>\n<p>Serdecznie zapraszamy do udzia\u0142u w konferencji.<\/p>\n<p>Z wyrazami szacunku<\/p>\n<p>dr n. farm. Ma\u0142gorzata Zieli\u0144ska-Przyjemska<br \/>\nPrzewodnicz\u0105ca PTDL Oddzia\u0142 Pozna\u0144<\/p>\n","protected":false},"excerpt":{"rendered":"<p>Szanowni Pa\u0144stwo, Diagno\u015bci Laboratoryjni, W imieniu zarz\u0105du Polskiego Towarzystwa Diagnostyki Laboratoryjnej oddzia\u0142 Pozna\u0144 oraz firmy Nowy Adres mamy zaszczyt zaprosi\u0107 Pa\u0144stwa do udzia\u0142u w konferencji naukowej: \u201eZdrowie zaczyna si\u0119 od wiedzy\u201d, kt\u00f3ra odb\u0119dzie si\u0119 20 maja 2026 r. o godzinie 10.00 w Pozna\u0144 Congress Centre w Poznaniu, ul. G\u0142ogowska 10. Wydarzenie to towarzyszy Targom Sprz\u0119tu [&hellip;]<\/p>\n","protected":false},"author":15,"featured_media":5917,"comment_status":"closed","ping_status":"open","sticky":false,"template":"","format":"standard","meta":{"footnotes":""},"categories":[6,20],"tags":[],"class_list":["post-5916","post","type-post","status-publish","format-standard","has-post-thumbnail","hentry","category-aktualnosci","category-aktualnosci-oddzial-poznan"],"_links":{"self":[{"href":"https:\/\/ptdl.pl\/index.php\/wp-json\/wp\/v2\/posts\/5916","targetHints":{"allow":["GET"]}}],"collection":[{"href":"https:\/\/ptdl.pl\/index.php\/wp-json\/wp\/v2\/posts"}],"about":[{"href":"https:\/\/ptdl.pl\/index.php\/wp-json\/wp\/v2\/types\/post"}],"author":[{"embeddable":true,"href":"https:\/\/ptdl.pl\/index.php\/wp-json\/wp\/v2\/users\/15"}],"replies":[{"embeddable":true,"href":"https:\/\/ptdl.pl\/index.php\/wp-json\/wp\/v2\/comments?post=5916"}],"version-history":[{"count":3,"href":"https:\/\/ptdl.pl\/index.php\/wp-json\/wp\/v2\/posts\/5916\/revisions"}],"predecessor-version":[{"id":5920,"href":"https:\/\/ptdl.pl\/index.php\/wp-json\/wp\/v2\/posts\/5916\/revisions\/5920"}],"wp:featuredmedia":[{"embeddable":true,"href":"https:\/\/ptdl.pl\/index.php\/wp-json\/wp\/v2\/media\/5917"}],"wp:attachment":[{"href":"https:\/\/ptdl.pl\/index.php\/wp-json\/wp\/v2\/media?parent=5916"}],"wp:term":[{"taxonomy":"category","embeddable":true,"href":"https:\/\/ptdl.pl\/index.php\/wp-json\/wp\/v2\/categories?post=5916"},{"taxonomy":"post_tag","embeddable":true,"href":"https:\/\/ptdl.pl\/index.php\/wp-json\/wp\/v2\/tags?post=5916"}],"curies":[{"name":"wp","href":"https:\/\/api.w.org\/{rel}","templated":true}]}}