{"id":5929,"date":"2026-04-01T00:20:06","date_gmt":"2026-03-31T22:20:06","guid":{"rendered":"https:\/\/ptdl.pl\/?p=5929"},"modified":"2026-04-01T00:20:06","modified_gmt":"2026-03-31T22:20:06","slug":"posiedzenie-naukowo-szkoleniowe-22-04-2026","status":"publish","type":"post","link":"https:\/\/ptdl.pl\/index.php\/2026\/04\/01\/posiedzenie-naukowo-szkoleniowe-22-04-2026\/","title":{"rendered":"Posiedzenie naukowo-szkoleniowe 22.04.2026"},"content":{"rendered":"<p style=\"text-align: center\"><span style=\"font-size: 14px;font-family: georgia, palatino, serif;color: #0000ff\">Zarz\u0105d Bia\u0142ostockiego Oddzia\u0142u Polskiego Towarzystwa Diagnostyki Laboratoryjnej<\/span><br \/>\n<span style=\"font-size: 14px;font-family: georgia, palatino, serif;color: #0000ff\">zaprasza na posiedzenie naukowo-szkoleniowe,<\/span><br \/>\n<span style=\"font-size: 14px;font-family: georgia, palatino, serif;color: #0000ff\">kt\u00f3re odb\u0119dzie si\u0119 w dniu <strong>22.04.2026 (\u015broda) o godz. 13.45<\/strong><\/span><br \/>\n<span style=\"font-size: 14px;font-family: georgia, palatino, serif;color: #0000ff\">w Sali Wyk\u0142adowej nr 2 Collegium Novum ul. Waszyngtona 15A.<\/span><\/p>\n<p><em><span style=\"font-size: 14px;font-family: georgia, palatino, serif\">PROGRAM<\/span><\/em><br \/>\n<span style=\"font-size: 14px;font-family: georgia, palatino, serif\">1. &#8222;Medycyna rodzinna jako specjalizacja systemowa &#8211; rola diagnostyki laboratoryjnej w POZ&#8221;<\/span><br \/>\n<span style=\"font-size: 14px;font-family: georgia, palatino, serif\">Adam Boruch, specjalista medycyny rodzinnej, przewodnicz\u0105cy Sekcji Opieki Koordynowanej Polskiego Towarzystwa Medycyny Rodzinnej<\/span><br \/>\n<span style=\"font-size: 14px;font-family: georgia, palatino, serif\">2. Sprawy bie\u017c\u0105ce oddzia\u0142u.<\/span><\/p>\n<ul>\n<li><span style=\"font-size: 12px\">Ma\u0142gorzata Rusak<\/span><\/li>\n<\/ul>\n","protected":false},"excerpt":{"rendered":"<p>Zarz\u0105d Bia\u0142ostockiego Oddzia\u0142u Polskiego Towarzystwa Diagnostyki Laboratoryjnej zaprasza na posiedzenie naukowo-szkoleniowe, kt\u00f3re odb\u0119dzie si\u0119 w dniu 22.04.2026 (\u015broda) o godz. 13.45 w Sali Wyk\u0142adowej nr 2 Collegium Novum ul. Waszyngtona 15A. PROGRAM 1. &#8222;Medycyna rodzinna jako specjalizacja systemowa &#8211; rola diagnostyki laboratoryjnej w POZ&#8221; Adam Boruch, specjalista medycyny rodzinnej, przewodnicz\u0105cy Sekcji Opieki Koordynowanej Polskiego Towarzystwa [&hellip;]<\/p>\n","protected":false},"author":5,"featured_media":2539,"comment_status":"closed","ping_status":"open","sticky":false,"template":"","format":"standard","meta":{"footnotes":""},"categories":[8],"tags":[],"class_list":["post-5929","post","type-post","status-publish","format-standard","has-post-thumbnail","hentry","category-aktualnosci-oddzial-bialystok"],"_links":{"self":[{"href":"https:\/\/ptdl.pl\/index.php\/wp-json\/wp\/v2\/posts\/5929","targetHints":{"allow":["GET"]}}],"collection":[{"href":"https:\/\/ptdl.pl\/index.php\/wp-json\/wp\/v2\/posts"}],"about":[{"href":"https:\/\/ptdl.pl\/index.php\/wp-json\/wp\/v2\/types\/post"}],"author":[{"embeddable":true,"href":"https:\/\/ptdl.pl\/index.php\/wp-json\/wp\/v2\/users\/5"}],"replies":[{"embeddable":true,"href":"https:\/\/ptdl.pl\/index.php\/wp-json\/wp\/v2\/comments?post=5929"}],"version-history":[{"count":2,"href":"https:\/\/ptdl.pl\/index.php\/wp-json\/wp\/v2\/posts\/5929\/revisions"}],"predecessor-version":[{"id":5931,"href":"https:\/\/ptdl.pl\/index.php\/wp-json\/wp\/v2\/posts\/5929\/revisions\/5931"}],"wp:featuredmedia":[{"embeddable":true,"href":"https:\/\/ptdl.pl\/index.php\/wp-json\/wp\/v2\/media\/2539"}],"wp:attachment":[{"href":"https:\/\/ptdl.pl\/index.php\/wp-json\/wp\/v2\/media?parent=5929"}],"wp:term":[{"taxonomy":"category","embeddable":true,"href":"https:\/\/ptdl.pl\/index.php\/wp-json\/wp\/v2\/categories?post=5929"},{"taxonomy":"post_tag","embeddable":true,"href":"https:\/\/ptdl.pl\/index.php\/wp-json\/wp\/v2\/tags?post=5929"}],"curies":[{"name":"wp","href":"https:\/\/api.w.org\/{rel}","templated":true}]}}