{"id":5985,"date":"2026-04-02T22:40:41","date_gmt":"2026-04-02T20:40:41","guid":{"rendered":"https:\/\/ptdl.pl\/?p=5985"},"modified":"2026-04-02T22:40:41","modified_gmt":"2026-04-02T20:40:41","slug":"program-konferencji-naukowo-szkoleniowej-oddzialu-ptdl-w-bydgoszczy-27-28-maja-2026-turzno","status":"publish","type":"post","link":"https:\/\/ptdl.pl\/index.php\/2026\/04\/02\/program-konferencji-naukowo-szkoleniowej-oddzialu-ptdl-w-bydgoszczy-27-28-maja-2026-turzno\/","title":{"rendered":"Program konferencji naukowo-szkoleniowej Oddzia\u0142u PTDL w Bydgoszczy 27-28 maja 2026 Turzno"},"content":{"rendered":"<p style=\"text-align: center\"><strong>KONFERENCJA NAUKOWO-SZKOLENIOWA ODDZIA\u0141U PTDL W BYDGOSZCZY <\/strong><\/p>\n<p style=\"text-align: center\"><strong>\u201eMEDYCYNA LABORATORYJNA 2026\u201d<\/strong><\/p>\n<p style=\"text-align: center\"><strong>27-28 maja 2026 r<\/strong><\/p>\n<p style=\"text-align: center\"><strong>Hotel Pa\u0142ac Romantyczny, ul.Toru\u0144ska 1<\/strong><\/p>\n<p style=\"text-align: center\"><strong>87-148 Turzno k\/Torunia<\/strong><\/p>\n<p><strong>\u00a0<\/strong><\/p>\n<p><strong>27 maja 2026 r (\u015broda)<\/strong><\/p>\n<p><span style=\"color: #0000ff\"><strong>10.00 <span style=\"text-decoration: underline\">Rozpocz\u0119cie konferencji i otwarcie wystawy stoisk firmowych<\/span><\/strong><\/span><\/p>\n<p><span style=\"color: #ff0000\"><em>dr hab. Iga Ho\u0142y\u0144ska-Iwan, prof. UMK, Przewodnicz\u0105ca PTDL Oddzia\u0142u Bydgoszcz<\/em><\/span><\/p>\n<p><span style=\"color: #0000ff\"><strong><u>SESJA I<\/u><\/strong><\/span><\/p>\n<p><span style=\"color: #0000ff\"><strong><u>Markery diagnostyczne \u2013 narz\u0119dzia diagnostyki i terapii<\/u><\/strong><\/span><\/p>\n<p><strong>Przewodniczenie sesji: <\/strong><span style=\"color: #ff0000\"><strong>dr <\/strong><strong><em>hab. Iga Ho\u0142y\u0144ska-Iwan, prof. UMK<\/em><\/strong><\/span><\/p>\n<p><strong>10.15 -11.00 &#8222;<\/strong><strong>Markery stanu zapalnego &#8211; wykorzystanie w diagnostyce onkologicznej&#8221;<\/strong><\/p>\n<p><em>\u00a0<span style=\"color: #ff0000\">mgr<\/span><\/em><span style=\"color: #ff0000\"> <em>Agata Zamorska, specjalista laboratoryjnej diagnostyki medycznej, Centrum Onkologii im. F. \u0141ukaszczyka w Bydgoszczy<\/em><\/span><\/p>\n<p><strong>11-11.45<\/strong><strong> Markery diagnostyczne chor\u00f3b zaka\u017anych TORCH \u2013 przypadek szczeg\u00f3lny<\/strong><\/p>\n<p><span style=\"color: #ff0000\"><em>Dr n.med.Miros\u0142awa Nowacka, Beckman Coulter Polska Sp. z o. o.<\/em><\/span><\/p>\n<p><span style=\"color: #0000ff\"><strong><u>Sesja II<\/u><\/strong><\/span><\/p>\n<p><span style=\"color: #0000ff\"><strong><u>Stare choroby \u2013 nowe mo\u017cliwo\u015bci w pulmonologii<\/u><\/strong><\/span><\/p>\n<p><strong>Przewodniczenie sesji: <\/strong><span style=\"color: #ff0000\"><strong><em>mgr S\u0142awomira Balcerak<\/em><\/strong><\/span><\/p>\n<p><strong>12.00-12.30<\/strong> <strong>\u201eMukowiscydoza doros\u0142ych &#8211; nowe mo\u017cliwo\u015bci\u201d<\/strong><\/p>\n<p><span style=\"color: #ff0000\"><em>Dr n.med.Agata Kalicka, specjalista chor\u00f3b p\u0142uc, chor\u00f3b wewn\u0119trznych, alergologii ,Oddzia\u0142 Kliniczny Chor\u00f3b P\u0142uc, Alergologii i Onkologii Pulmonologicznej, Kujawsko-Pomorskie Centrum Pulmonologii w Bydgoszczy<\/em><\/span><\/p>\n<p><strong>12.30 -12.45<\/strong> <strong>Diagnostyka mukowiscydozy<\/strong><\/p>\n<p><span style=\"color: #ff0000\"><em>Mgr Marzenna Gruszka, specjalista diagnostyki laboratoryjnej, Zak\u0142ad Diagnostyki Laboratoryjnej, Wojew\u00f3dzki Szpital Dzieci\u0119cy im.J.Brudzi\u0144skiego w Bydgoszczy<\/em><\/span><\/p>\n<p><strong>12.45-13.30<\/strong><strong> Wsp\u00f3lny obraz radiologiczny i czynno\u015bciowy chor\u00f3b \u015br\u00f3dmi\u0105\u017cszowych p\u0142uc-r\u00f3\u017cne pod\u0142o\u017ce etiopatogenetyczne. Wa\u017cne miejsce diagnostyki laboratoryjnej w doborze w\u0142a\u015bciwego leczenia<\/strong><\/p>\n<p><span style=\"color: #ff0000\"><em>Dr n.med.Agnieszka Jarzemska, specjalista chor\u00f3b p\u0142uc, chor\u00f3b wewn\u0119trznych, immunologii, Oddzia\u0142 Szybkiej Diagnostyki Pulmonologicznej, Kujawsko-Pomorskie Centrum Pulmonologii w Bydgoszczy<\/em><\/span><\/p>\n<p><strong>13.30-14.30 obiad<\/strong><\/p>\n<p><span style=\"color: #0000ff\"><strong><u>Sesja III<\/u><\/strong><\/span><\/p>\n<p><span style=\"color: #0000ff\"><strong><u>Interdyscyplinarno\u015b\u0107 w medycynie- razem dla pacjenta cz.I<\/u><\/strong><\/span><\/p>\n<p><strong>Przewodniczenie sesji: <\/strong><span style=\"color: #ff0000\"><strong><em>mgr S\u0142awomira Balcerak<\/em><\/strong><\/span><\/p>\n<p><strong>14.30-15.15<\/strong>\u00a0 <strong>\u201eWskazania i efekty rehabilitacji oddechowej \u2013 wsp\u00f3\u0142praca fizjoterapeuty i diagnosty w terapii i diagnostyce pacjent\u00f3w niewydolnych oddechowo\u201d<\/strong><\/p>\n<p><span style=\"color: #ff0000\"><em>Mgr fizjoterapii Beata Bednarska- Fra\u0144czak, Zak\u0142ad Rehabilitacji, Kujawsko-Pomorskie Centrum Pulmonologii w Bydgoszczy<\/em><\/span><\/p>\n<p><span style=\"color: #ff0000\"><em>Mgr S\u0142awomira Balcerak, specjalista analityki klinicznej, Laboratorium Analityczne, Kujawsko-Pomorskie Centrum Pulmonologii w Bydgoszczy<\/em><\/span><\/p>\n<p><strong>15.15-16.00<\/strong> <strong>\u201eMi\u0119dzy logik\u0105 a emocj\u0105-komunikacja w dialogu p\u00f3lkul m\u00f3zgowych w terapii i rehabilitacji\u201d<\/strong><\/p>\n<p><span style=\"color: #ff0000\"><em>Mgr komunikacji spo\u0142ecznej Aneta Bafia, logopeda<\/em><\/span><\/p>\n<p><strong>16-16.45 <\/strong><strong>.\u00a0 Zwiedzanie stoisk firmowych\u00a0 i przerwa kawowa<\/strong><\/p>\n<p><span style=\"color: #0000ff\"><strong><u>Sesja IV<\/u><\/strong><\/span><\/p>\n<p><span style=\"color: #0000ff\"><strong><u>\u00a0Interdyscyplinarno\u015b\u0107 w medycynie &#8211; razem dla pacjenta cz.II<\/u><\/strong><\/span><\/p>\n<p><strong>Przewodniczenie sesji: <\/strong><span style=\"color: #ff0000\"><strong><em>mgr Marzenna Gruszka<\/em><\/strong><\/span><\/p>\n<p><strong>16.45-17.30<\/strong> \u00a0<strong>Niedokrwisto\u015b\u0107 w przebiegu zaka\u017ce\u0144 bakteryjnych<\/strong><\/p>\n<p><span style=\"color: #ff0000\"><strong>\u00a0<\/strong><em>dr Joanna Wr\u00f3blewska, specjalista mikrobiologii medycznej, Katedra Biologii i Biochemii Medycznej, Collegium Medicum im. L. Rydygiera w Bydgoszczy, Uniwersytet Miko\u0142aja Kopernika w Toruniu<\/em><\/span><\/p>\n<p><strong>17.30-18.15<\/strong> <strong>&#8222;Kiedy wyniki bada\u0144 laboratoryjnych zmieniaj\u0105 diagnoz\u0119 \u2013 przypadki kliniczne w psychiatrii&#8221;<\/strong><\/p>\n<p><em>\u00a0<span style=\"color: #ff0000\">Dr n. med. Anna Szota, Katedra Psychiatrii, Collegium Medicum w Bydgoszczy, Uniwersytet Miko\u0142aja Kopernika w Toruniu<\/span><\/em><\/p>\n<p><span style=\"color: #0000ff\"><strong>Prezentacje firmowe<\/strong><\/span><\/p>\n<p><strong>18.15-18.45<\/strong> <strong>\u201eSystem AQURE- podstawowe narz\u0119dzie wspieraj\u0105ce przy ocenie kontroli jako\u015bci i wymogach akredytacyjnych\u201d<\/strong><\/p>\n<p><span style=\"color: #ff0000\"><em>Mgr Anna Milczarek.\u00a0, Specjalistka Aplikacyjna, Radiometer<\/em><\/span><\/p>\n<p><strong>18.45-19.00 <\/strong><strong>&#8222;Bio-rad &#8211; inteligentne rozwi\u0105zania w kontroli jako\u015bci&#8221;<\/strong><\/p>\n<p><span style=\"color: #ff0000\"><em>Dr in\u017c. Kamil Januszkiewicz\u00a0,Specjalista ds.Produkt\u00f3w i Aplikacji, Biorad<\/em><\/span><\/p>\n<p><strong>19.30 kolacja grillowa<\/strong><\/p>\n<p>&nbsp;<\/p>\n<p><strong>28 maja 2026 (czwartek)<\/strong><\/p>\n<p><span style=\"color: #0000ff\"><strong><u>Sesja V<\/u><\/strong><\/span><\/p>\n<p><span style=\"color: #0000ff\"><strong><u>\u00a0Znaczenie diagnostyki w profilaktyce i leczeniu osteoporozy<\/u><\/strong><\/span><\/p>\n<p><strong>Przewodniczenie sesji: <\/strong><span style=\"color: #ff0000\"><strong><em>dr hab.n.med.Kinga Lis, prof. UMK<\/em><\/strong><\/span><\/p>\n<p><strong>9.30-10.15 \u201eNie tylko densytometria \u2013 kobieta z osteoporoz\u0105 w \u015bwietle bada\u0144 laboratoryjnych\u201d<\/strong><\/p>\n<p><span style=\"color: #ff0000\"><em>Dr hab.n.med.Katarzyna Winsz-Szczotka, prof.\u015aUM, Zak\u0142ad Laboratoryjnej Medycyny Praktycznej,Wydzia\u0142 Nauk Farmaceutycznych w Sosnowcu, \u015aUM<\/em><\/span><\/p>\n<p><span style=\"color: #ff0000\"><em>Prezes Polskiego Towarzystwa Diagnostyki Laboratoryjnej w Polsce<\/em><\/span><\/p>\n<p><strong>10.15.-11.00 \u201e <\/strong><strong>Nie \u0142am si\u0119! Diagnostyka laboratoryjna osteoporozy<\/strong>\u201d<\/p>\n<p><span style=\"color: #ff0000\"><em>Dr n. med. Agnieszka Pater, Katedra Diagnostyki Laboratoryjnej, Collegium Medicum w Bydgoszczy, Uniwersytet Miko\u0142aja Kopernika w Toruniu<\/em><\/span><\/p>\n<p><strong>11.00-11.15 60 lat Oddzia\u0142u PTDL w Bydgoszczy<\/strong><\/p>\n<p><strong>11.15-11.45 \u00a0przerwa kawowa<\/strong><\/p>\n<p><span style=\"color: #0000ff\"><strong><u>Sesja VI<\/u><\/strong><\/span><\/p>\n<p><span style=\"color: #0000ff\"><strong><u>\u00a0 Nowe mo\u017cliwo\u015bci w diagnostyce laboratoryjnej<\/u><\/strong><\/span><\/p>\n<p><strong>Przewodniczenie sesji: <\/strong><span style=\"color: #ff0000\"><strong><em>dr n.med.Katarzyna Bergmann<\/em><\/strong><\/span><\/p>\n<p><strong>11.45 -12.30<\/strong>. <strong>&#8222;Wykorzystanie AI w diagnostyce laboratoryjnej&#8221; <\/strong><\/p>\n<p><span style=\"color: #ff0000\"><em>mgr Aleksandra Sowul, m\u0142. asystent medycyny laboratoryjnej, Centrum Onkologii im. F. \u0141ukaszczyka w Bydgoszczy<\/em><\/span><\/p>\n<p><strong>12.30-12.<\/strong><strong>45 Nowoczesne rozwi\u0105zania w diagnostyce laboratoryjnej \u2013zintegrowany system M680<\/strong><\/p>\n<p><span style=\"color: #ff0000\"><em>Bartosz Wiza, Product Manager, PZ Cormay S.A<\/em><\/span><\/p>\n<p><strong>12.45-13.30 Wyk\u0142ad sponsorowany przez Siemens Healthineers Sp. z o.o<\/strong><\/p>\n<p><strong>\u00a0\u00a0\u00a0\u00a0\u00a0\u00a0\u00a0\u00a0\u00a0\u00a0\u00a0\u00a0\u00a0\u00a0\u00a0\u00a0\u00a0\u00a0\u00a0\u00a0 <\/strong><strong>\u201eNowe rekomendacje TDM dla medycznych laboratori\u00f3w diagnostycznych\u201d<\/strong><\/p>\n<p><span style=\"color: #ff0000\"><em>Mgr Anna Meyer-Stachowska, specjalista<\/em> <strong>\u00a0<\/strong><em>l<\/em><em>aboratoryjnej toksykologii medycznej,<\/em><em>Pracownia Toksykologii, Zak\u0142ad Diagnostyki Laboratoryjnej, Wojew\u00f3dzki Szpital Zespolony im. L. Rydygiera w Toruniu;<br \/>\ncz\u0142onek komisji ds. diagnostyki toksykologicznej i terapii monitorowanej KIDL<\/em><\/span><\/p>\n<p><strong>13.30-13.45<\/strong> <strong>Podsumowanie i zako\u0144czenie konferencji<\/strong><\/p>\n<p><strong>14.00 Obiad<\/strong><\/p>\n<p><strong>Karta zg\u0142oszenia na konferencj\u0119 zawieraj\u0105ca\u00a0 informacje dotycz\u0105ce rejestracji, kwoty i termin\u00f3w wp\u0142aty \u00a0zostanie zamieszczona\u00a0 w komunikacie po 15 kwietnia 2026 r.<\/strong><\/p>\n<p><strong>Jednocze\u015bnie karta zg\u0142oszenia na konferencj\u0119 zostanie przes\u0142ana do cz\u0142onk\u00f3w naszego Oddzia\u0142u drog\u0105 mailow\u0105.<\/strong><\/p>\n<p style=\"text-align: center\"><strong>Do zobaczenia w Turznie!<\/strong><\/p>\n","protected":false},"excerpt":{"rendered":"<p>KONFERENCJA NAUKOWO-SZKOLENIOWA ODDZIA\u0141U PTDL W BYDGOSZCZY \u201eMEDYCYNA LABORATORYJNA 2026\u201d 27-28 maja 2026 r Hotel Pa\u0142ac Romantyczny, ul.Toru\u0144ska 1 87-148 Turzno k\/Torunia \u00a0 27 maja 2026 r (\u015broda) 10.00 Rozpocz\u0119cie konferencji i otwarcie wystawy stoisk firmowych dr hab. Iga Ho\u0142y\u0144ska-Iwan, prof. UMK, Przewodnicz\u0105ca PTDL Oddzia\u0142u Bydgoszcz SESJA I Markery diagnostyczne \u2013 narz\u0119dzia diagnostyki i terapii Przewodniczenie [&hellip;]<\/p>\n","protected":false},"author":21,"featured_media":4666,"comment_status":"closed","ping_status":"open","sticky":false,"template":"","format":"standard","meta":{"footnotes":""},"categories":[9,28],"tags":[],"class_list":["post-5985","post","type-post","status-publish","format-standard","has-post-thumbnail","hentry","category-aktualnosci-oddzial-bydgoszcz","category-konferencje"],"_links":{"self":[{"href":"https:\/\/ptdl.pl\/index.php\/wp-json\/wp\/v2\/posts\/5985","targetHints":{"allow":["GET"]}}],"collection":[{"href":"https:\/\/ptdl.pl\/index.php\/wp-json\/wp\/v2\/posts"}],"about":[{"href":"https:\/\/ptdl.pl\/index.php\/wp-json\/wp\/v2\/types\/post"}],"author":[{"embeddable":true,"href":"https:\/\/ptdl.pl\/index.php\/wp-json\/wp\/v2\/users\/21"}],"replies":[{"embeddable":true,"href":"https:\/\/ptdl.pl\/index.php\/wp-json\/wp\/v2\/comments?post=5985"}],"version-history":[{"count":9,"href":"https:\/\/ptdl.pl\/index.php\/wp-json\/wp\/v2\/posts\/5985\/revisions"}],"predecessor-version":[{"id":5994,"href":"https:\/\/ptdl.pl\/index.php\/wp-json\/wp\/v2\/posts\/5985\/revisions\/5994"}],"wp:featuredmedia":[{"embeddable":true,"href":"https:\/\/ptdl.pl\/index.php\/wp-json\/wp\/v2\/media\/4666"}],"wp:attachment":[{"href":"https:\/\/ptdl.pl\/index.php\/wp-json\/wp\/v2\/media?parent=5985"}],"wp:term":[{"taxonomy":"category","embeddable":true,"href":"https:\/\/ptdl.pl\/index.php\/wp-json\/wp\/v2\/categories?post=5985"},{"taxonomy":"post_tag","embeddable":true,"href":"https:\/\/ptdl.pl\/index.php\/wp-json\/wp\/v2\/tags?post=5985"}],"curies":[{"name":"wp","href":"https:\/\/api.w.org\/{rel}","templated":true}]}}