{"id":6022,"date":"2026-04-13T15:21:51","date_gmt":"2026-04-13T13:21:51","guid":{"rendered":"https:\/\/ptdl.pl\/?p=6022"},"modified":"2026-04-13T15:21:51","modified_gmt":"2026-04-13T13:21:51","slug":"program-konferencji-naukowo-szkoleniowej-szklarska-poreba-2026","status":"publish","type":"post","link":"https:\/\/ptdl.pl\/index.php\/2026\/04\/13\/program-konferencji-naukowo-szkoleniowej-szklarska-poreba-2026\/","title":{"rendered":"Program Konferencji  Naukowo- Szkoleniowej Szklarska Por\u0119ba 2026"},"content":{"rendered":"<p><img loading=\"lazy\" decoding=\"async\" class=\"alignnone size-medium wp-image-6024 aligncenter\" src=\"https:\/\/ptdl.pl\/ptdl\/wp-content\/uploads\/2026\/04\/77596-2-300x300.png\" alt=\"\" width=\"300\" height=\"300\" srcset=\"https:\/\/ptdl.pl\/ptdl\/wp-content\/uploads\/2026\/04\/77596-2-300x300.png 300w, https:\/\/ptdl.pl\/ptdl\/wp-content\/uploads\/2026\/04\/77596-2-80x80.png 80w, https:\/\/ptdl.pl\/ptdl\/wp-content\/uploads\/2026\/04\/77596-2-768x768.png 768w, https:\/\/ptdl.pl\/ptdl\/wp-content\/uploads\/2026\/04\/77596-2-36x36.png 36w, https:\/\/ptdl.pl\/ptdl\/wp-content\/uploads\/2026\/04\/77596-2-180x180.png 180w, https:\/\/ptdl.pl\/ptdl\/wp-content\/uploads\/2026\/04\/77596-2-705x705.png 705w, https:\/\/ptdl.pl\/ptdl\/wp-content\/uploads\/2026\/04\/77596-2.png 1024w\" sizes=\"auto, (max-width: 300px) 100vw, 300px\" \/><\/p>\n<p><strong>14 maja 2026<\/strong><\/p>\n<table>\n<tbody>\n<tr>\n<td width=\"104\"><strong>GODZINA<\/strong><\/td>\n<td width=\"299\"><strong>TEMAT<\/strong><\/td>\n<td width=\"201\"><strong>WYK\u0141ADOWCA<\/strong><\/td>\n<\/tr>\n<tr>\n<td width=\"104\">8:00 \u2013 9:00<\/td>\n<td colspan=\"2\" width=\"500\">REJESTRACJA UCZESTNIK\u00d3W<\/td>\n<\/tr>\n<tr>\n<td width=\"104\">9:00- 9:30<\/td>\n<td width=\"299\">\u201eSt\u0119\u017cenie to nie wszystko- jak prawid\u0142owo interpretowa\u0107 wyniki TDM?\u201d<\/td>\n<td width=\"201\">dr n. med. i n. o zdr. Arkadiusz Kocur, BioAnalytic<\/td>\n<\/tr>\n<tr>\n<td width=\"104\">9:30 -10:00<\/p>\n<p>&nbsp;<\/td>\n<td width=\"299\">Farmakogenetyka i TDM jako narz\u0119dzia optymalizacji farmakoterapii<\/td>\n<td width=\"201\">dr n. med. \u0141ukasz Kozera Kierownik Centrum Diagnostyki Laboratoryjnej<\/p>\n<p>Szpital \u015bw. \u0141ukasza w Boles\u0142awcu<\/td>\n<\/tr>\n<tr>\n<td width=\"104\">10:00 \u2013 10:30<\/p>\n<p>&nbsp;<\/td>\n<td width=\"299\">\u201eDlaczego dzieci to nie mali doro\u015bli? Znaczenie TDM w pediatrii\u201d<\/td>\n<td width=\"201\">mgr Agnieszka Czajkowska, BioAnalytic<\/td>\n<\/tr>\n<tr>\n<td width=\"104\">10:30 \u2013 11:00<\/td>\n<td width=\"299\">\u201eCzy terapia monitorowana st\u0119\u017ceniami lek\u00f3w w organizmie mo\u017ce by\u0107 przedmiotem zainteresowania diagnosty? O czym i jak rozmawia\u0107 z lekarzem i personelem piel\u0119gniarskim w odniesieniu do b\u0142\u0119d\u00f3w przedanalitycznych w TML\u201d<\/td>\n<td width=\"201\">dr Magdalena Hurkacz, Katedra i Zak\u0142ad Farmakologii Klinicznej, UMW<\/td>\n<\/tr>\n<tr>\n<td width=\"104\">11:00-11:30<\/p>\n<p>&nbsp;<\/td>\n<td colspan=\"2\" width=\"500\">Rozdanie nagr\u00f3d i odznacze\u0144<\/td>\n<\/tr>\n<tr>\n<td width=\"104\">11:30 \u2013 11:50<\/td>\n<td width=\"299\">&#8222;Immunopatofizjologa chor\u00f3b glutenozale\u017cnych (GRD):\u00a0 wieloantygenowe spektrum odpowiedzi serologicznej w diagnostyce r\u00f3\u017cnicowej&#8221;<\/td>\n<td width=\"201\">Izabela D\u0105bek, Specjalista ds. produktu, BIO- MAR Diagnostyka Sp. z o.o.<\/td>\n<\/tr>\n<tr>\n<td width=\"104\">11:50\u2013 12:45<\/p>\n<p>&nbsp;<\/td>\n<td colspan=\"2\" width=\"500\">Przerwa obiadowa<\/td>\n<\/tr>\n<tr>\n<td width=\"104\">12:45 \u2013 13:00<\/td>\n<td width=\"299\">&#8222;D\u201110 Bio\u2011Rad: precyzyjne oznaczanie HbA1c metod\u0105 HPLC&#8221;<\/td>\n<td width=\"201\">dr Justyna \u0141ukasiak<\/p>\n<p>Bio-Rad Polska Sp. z.o.o.<\/td>\n<\/tr>\n<tr>\n<td width=\"104\">13:00- 14:30<\/p>\n<p>&nbsp;<\/td>\n<td width=\"299\">Innowacje w hematologii i diagnostyka laboratoryjna<\/td>\n<td width=\"201\">prof. Miros\u0142awa Pietruczuk,<\/p>\n<p>Kierownik Zak\u0142adu Diagnostyki Laboratoryjnej Uniwersytetu Medycznego, w \u0141odzi<\/td>\n<\/tr>\n<tr>\n<td width=\"104\">14:30- 15:00<\/p>\n<p>&nbsp;<\/td>\n<td width=\"299\">\u201e Poza schematem: nietypowe interferencje w badaniu morfologii jako wskaz\u00f3wki diagnostyczne\u201d<\/td>\n<td width=\"201\">dr n. farm. Ewa Janiszewska, starszy specjalista ds. produkt\u00f3w dzia\u0142 naukowy i rozwi\u0105za\u0144 laboratoryjnych Sysmex Polska<\/td>\n<\/tr>\n<tr>\n<td width=\"104\">15:00- 15:15<\/p>\n<p>&nbsp;<\/td>\n<td colspan=\"2\" width=\"500\">Przerwa kawowa<\/td>\n<\/tr>\n<tr>\n<td width=\"104\">15:15- 15:30<\/td>\n<td width=\"299\">Automatyzacja w medycznym laboratorium diagnostycznym wg. SNIBE<\/td>\n<td width=\"201\">mgr Wojciech Minicz, SNIBE<\/td>\n<\/tr>\n<tr>\n<td width=\"104\">15:30- 15.45<\/td>\n<td width=\"299\">\u201eNowa jako\u015b\u0107 w diagnostyce molekularnej od SARSTEDT\u201d<\/td>\n<td width=\"201\">mgr S\u0142awomir Dudek, Account Manager Life Science SARSTEDT<\/td>\n<\/tr>\n<tr>\n<td width=\"104\">15:45- 16:00<\/td>\n<td width=\"299\">Pu\u0142apki w diagnostyce alergii, czyli o wiarygodno\u015bci i interpretacji wynik\u00f3w sIgE<\/td>\n<td width=\"201\">dr hab. Kinga Lis, prof. UMK (wyk\u0142ad sponsorowany- EMMA MDT Sp. z o.o.<\/td>\n<\/tr>\n<tr>\n<td width=\"104\">16:00- 16:15<\/td>\n<td width=\"299\">Wyk\u0142ad firmowy<\/td>\n<td width=\"201\">ARGENTA<\/td>\n<\/tr>\n<tr>\n<td width=\"104\">16:15- 16:45<\/td>\n<td width=\"299\">Czy przeciwcia\u0142a zmieniaj\u0105 paradygmat diagnostyki chor\u00f3b nerek? Przegl\u0105d najnowszych odkry\u0107\u201d<\/td>\n<td width=\"201\">prof. Iwona Bil- Lula,<\/p>\n<p>Katedra Analityki Medycznej, UMW<\/td>\n<\/tr>\n<tr>\n<td width=\"104\">16:45 \u2013 17:00<\/td>\n<td width=\"299\">\u201eOdpowiedzialno\u015b\u0107 cywilna w zawodzie diagnosty laboratoryjnego\u201d<\/td>\n<td width=\"201\">Anna Knotz,<br \/>\nTU INTER Polska S.A<\/td>\n<\/tr>\n<tr>\n<td width=\"104\">17:00 \u2013 17:30<\/td>\n<td width=\"299\">\u201cJak diagnosta laboratoryjny mo\u017ce pom\u00f3c w rozpoznawaniu chor\u00f3b uk\u0142adu nerwowego &#8211; nauka przez przypadki&#8221;<\/td>\n<td width=\"201\">dr Pawe\u0142 Koz\u0142owski, Laboratorium Kliniczne CSK, Uniwersyteckie Centrum Kliniczne,\u00a0 Warszawskiego Uniwersytetu Medycznego<\/td>\n<\/tr>\n<tr>\n<td width=\"104\">17:30 \u2013 18:00<\/td>\n<td width=\"299\">\u201cBudowa oraz zaburzenia funkcji bariery krew-m\u00f3zg\u201d<\/td>\n<td width=\"201\">dr hab. n. med. Olga M. Koper-Lenkiewicz, Zak\u0142ad Laboratoryjnej Diagnostyki Klinicznej, Uniwersytet Medyczny w Bia\u0142ymstoku<\/td>\n<\/tr>\n<tr>\n<td width=\"104\">18:00 \u2013 18:15<\/td>\n<td width=\"299\">\u201eBiomarkery krwi w diagnostyce chor\u00f3b neurodegeneracyjnych: od wczesnej detekcji Alzheimera do monitorowania SM\u201d<\/td>\n<td width=\"201\">dr in\u017c. Karol Tu\u015bnio, Siemens Healthineers<\/td>\n<\/tr>\n<tr>\n<td width=\"104\">18:15 \u2013 18:30<\/td>\n<td width=\"299\">\u00a0\u201eJak bada\u0107 przeciwcia\u0142a antyneuralne? Praktyczny przewodnik w g\u0105szczu bada\u0144 laboratoryjnych\u201d<\/td>\n<td width=\"201\">dr n. farm. in\u017c. Patryk Matuszek, EUROIMMUN POLSKA Sp. z o.o.<\/td>\n<\/tr>\n<tr>\n<td width=\"104\">18:30 \u2013 18:45<\/td>\n<td width=\"299\">\u201eZaawansowana diagnostyka syndromiczna bez kompromis\u00f3w: system cobas ePlex\u201d<\/td>\n<td width=\"201\">dr Tomasz Budzy\u0144ski, Roche Diagnostics Polska<\/td>\n<\/tr>\n<tr>\n<td width=\"104\">20:00<\/td>\n<td colspan=\"2\" width=\"500\">Kolacja<\/td>\n<\/tr>\n<\/tbody>\n<\/table>\n<p>&nbsp;<\/p>\n<p><strong>15 maja 2026<\/strong><\/p>\n<table width=\"604\">\n<tbody>\n<tr>\n<td width=\"104\">Godzina<\/td>\n<td width=\"299\">Temat<\/td>\n<td width=\"201\">Wyk\u0142adowca<\/td>\n<\/tr>\n<tr>\n<td width=\"104\">8:00 \u2013 9:00<\/td>\n<td colspan=\"2\" width=\"500\">\u015aNIADANIE<\/td>\n<\/tr>\n<tr>\n<td width=\"104\">9:00 \u2013 9:15<\/td>\n<td width=\"299\">Aktywna forma witaminy B12<\/td>\n<td width=\"201\">Micha\u0142 Zar\u0119bski, Abbott<\/td>\n<\/tr>\n<tr>\n<td width=\"104\">9:15 &#8211; \u00a09:30<\/td>\n<td width=\"299\">\u201eSekwencjonowanie nanoporowe (Oxford Nanopore Technologies ) &#8211; game changer w obszarze diagnostyki i bada\u0144 ca\u0142ego genomu\u201d.<\/td>\n<td width=\"201\">Maciej Kosi\u0144ski<\/p>\n<p>Biomedica Poland Sp. z o.o.<\/td>\n<\/tr>\n<tr>\n<td width=\"104\">9:30- 10:00<\/td>\n<td width=\"299\">\u201ePacjent dializowany pod lup\u0105 &#8211; pu\u0142apki bada\u0144 laboratoryjnych w dializoterapii\u201d<\/td>\n<td width=\"201\">dr n.med. Hanna Augustyniak-Bartosik, 4 Wojskowy Szpital Kliniczny we Wroc\u0142awiu<\/p>\n<p>&nbsp;<\/td>\n<\/tr>\n<tr>\n<td width=\"104\">10:00-10:30<\/p>\n<p>&nbsp;<\/td>\n<td width=\"299\">\u201eKiedy wszystko dzia\u0142a\u2026 a\u017c przestaje \u2014 zarz\u0105dzanie ryzykiem i ci\u0105g\u0142o\u015bci\u0105 dzia\u0142ania w laboratorium medycznym\u201d<\/td>\n<td width=\"201\">dr n. med. Andrzej Janus<\/p>\n<p>&nbsp;<\/td>\n<\/tr>\n<tr>\n<td width=\"104\">10:30 \u2013 14:00<\/p>\n<p>&nbsp;<\/td>\n<td width=\"299\"><strong>WARSZATY PRAKTYCZNE:<\/strong><\/p>\n<p>1.Wdro\u017cenie metod badawczych w laboratoriach medycznych. Niepewno\u015b\u0107 pomiaru.<\/p>\n<p>2. Weryfikacja precyzji i poprawno\u015bci metod w Medycznym Laboratorium Diagnostycznym.<\/td>\n<td width=\"201\">&nbsp;<\/p>\n<p>&nbsp;<\/p>\n<p>mgr Karolina Serafin<\/p>\n<p>&nbsp;<\/p>\n<p>&nbsp;<\/p>\n<p>mgr Dawid Radziszewski<\/td>\n<\/tr>\n<tr>\n<td width=\"104\">14:00<\/td>\n<td colspan=\"2\" width=\"500\">ZAKO\u0143CZENIE KONFERENCJI<\/td>\n<\/tr>\n<\/tbody>\n<\/table>\n<p><strong>\u00a0<\/strong><\/p>\n<p><strong>Sesja plakatowa odbywa si\u0119 r\u00f3wnolegle z sesjami wyk\u0142adowymi. <\/strong><\/p>\n<p>&nbsp;<\/p>\n<p>&nbsp;<\/p>\n","protected":false},"excerpt":{"rendered":"<p>14 maja 2026 GODZINA TEMAT WYK\u0141ADOWCA 8:00 \u2013 9:00 REJESTRACJA UCZESTNIK\u00d3W 9:00- 9:30 \u201eSt\u0119\u017cenie to nie wszystko- jak prawid\u0142owo interpretowa\u0107 wyniki TDM?\u201d dr n. med. i n. o zdr. Arkadiusz Kocur, BioAnalytic 9:30 -10:00 &nbsp; Farmakogenetyka i TDM jako narz\u0119dzia optymalizacji farmakoterapii dr n. med. \u0141ukasz Kozera Kierownik Centrum Diagnostyki Laboratoryjnej Szpital \u015bw. \u0141ukasza w [&hellip;]<\/p>\n","protected":false},"author":20,"featured_media":6024,"comment_status":"closed","ping_status":"open","sticky":false,"template":"","format":"standard","meta":{"footnotes":""},"categories":[25,28],"tags":[],"class_list":["post-6022","post","type-post","status-publish","format-standard","has-post-thumbnail","hentry","category-aktualnosci-oddzial-wroclaw","category-konferencje"],"_links":{"self":[{"href":"https:\/\/ptdl.pl\/index.php\/wp-json\/wp\/v2\/posts\/6022","targetHints":{"allow":["GET"]}}],"collection":[{"href":"https:\/\/ptdl.pl\/index.php\/wp-json\/wp\/v2\/posts"}],"about":[{"href":"https:\/\/ptdl.pl\/index.php\/wp-json\/wp\/v2\/types\/post"}],"author":[{"embeddable":true,"href":"https:\/\/ptdl.pl\/index.php\/wp-json\/wp\/v2\/users\/20"}],"replies":[{"embeddable":true,"href":"https:\/\/ptdl.pl\/index.php\/wp-json\/wp\/v2\/comments?post=6022"}],"version-history":[{"count":3,"href":"https:\/\/ptdl.pl\/index.php\/wp-json\/wp\/v2\/posts\/6022\/revisions"}],"predecessor-version":[{"id":6026,"href":"https:\/\/ptdl.pl\/index.php\/wp-json\/wp\/v2\/posts\/6022\/revisions\/6026"}],"wp:featuredmedia":[{"embeddable":true,"href":"https:\/\/ptdl.pl\/index.php\/wp-json\/wp\/v2\/media\/6024"}],"wp:attachment":[{"href":"https:\/\/ptdl.pl\/index.php\/wp-json\/wp\/v2\/media?parent=6022"}],"wp:term":[{"taxonomy":"category","embeddable":true,"href":"https:\/\/ptdl.pl\/index.php\/wp-json\/wp\/v2\/categories?post=6022"},{"taxonomy":"post_tag","embeddable":true,"href":"https:\/\/ptdl.pl\/index.php\/wp-json\/wp\/v2\/tags?post=6022"}],"curies":[{"name":"wp","href":"https:\/\/api.w.org\/{rel}","templated":true}]}}