{"id":6070,"date":"2026-04-20T00:25:23","date_gmt":"2026-04-19T22:25:23","guid":{"rendered":"https:\/\/ptdl.pl\/?p=6070"},"modified":"2026-04-20T00:25:23","modified_gmt":"2026-04-19T22:25:23","slug":"rejestracja-na-konferencje-naukowo-szkoleniowa-oddzialu-ptdl-w-bydgoszczy-27-28-maja-2026-r-turzno-k-torunia","status":"publish","type":"post","link":"https:\/\/ptdl.pl\/index.php\/2026\/04\/20\/rejestracja-na-konferencje-naukowo-szkoleniowa-oddzialu-ptdl-w-bydgoszczy-27-28-maja-2026-r-turzno-k-torunia\/","title":{"rendered":"Rejestracja na konferencj\u0119 naukowo-szkoleniow\u0105 Oddzia\u0142u PTDL w Bydgoszczy 27-28 maja 2026 r-Turzno k\/Torunia"},"content":{"rendered":"<p>Szanowni Pa\u0144stwo,<\/p>\n<p>W poprzednich komunikatach ukaza\u0142y si\u0119 informacje o konferencji naukowo-szkoleniowej organizowanej przez Oddzia\u0142 PTDL w Bydgoszczy w dniach <strong>27-28 maja 2026 r<\/strong>\u00a0 oraz o programie konferencji.<\/p>\n<p>Od <strong>27 kwietnia 2026 r<\/strong> rozpoczyna si\u0119 rejestracja na konferencj\u0119,kt\u00f3ra potrwa do wyczerpania miejsc, najp\u00f3\u017aniej do <strong>18 maja 2026 r.Je\u017celi liczba miejsc zostanie wyczerpana przed tym terminem og\u0142osimy to w komunikacie.<\/strong><\/p>\n<p>Liczba uczestnik\u00f3w konferencji jest ograniczona. Decyduje kolejno\u015b\u0107 zg\u0142osze\u0144 i uiszczenie op\u0142aty konferencyjnej w podanym w karcie zg\u0142oszenia terminie.<\/p>\n<p>Poni\u017cej \u00a0karta zg\u0142oszenia uczestnika konferencji. Wszystkie informacje dotycz\u0105ce rejestracji, op\u0142at za udzia\u0142 w konferencji i \u00a0za noclegi znajduj\u0105 si\u0119 w tre\u015bci karty.<\/p>\n<p><strong>Koszt konferencji wynosi dla cz\u0142onk\u00f3w PTDL:<\/strong><\/p>\n<p><strong>170 z\u0142 bez noclegu<\/strong><\/p>\n<p><strong>360 z\u0142 z noclegiem<\/strong><\/p>\n<p>Karty zg\u0142oszeniowe wraz z potwierdzeniem wp\u0142aty nale\u017cy przes\u0142a\u0107 na adres mailowy:<strong>slabalcerak@wp.pl<\/strong><\/p>\n<p>W przypadku pyta\u0144, w\u0105tpliwo\u015bci dotycz\u0105cych rejestracji prosz\u0119 kontaktowa\u0107 si\u0119 z<\/p>\n<p><strong>mgr S.Balcerak (Laboratorium Analityczne, Kujawsko-Pomorskie Centrum Pulmonologii w Bydgoszczy) tel.52 3256760 lub 697 914 982<\/strong><\/p>\n<p>Za udzia\u0142 w konferencji przys\u0142uguje <strong>8 punkt\u00f3w edukacyjnych (4 pkt za ka\u017cdy dzie\u0144 uczestnictwa)<\/strong> zgodnie z Rozporz\u0105dzeniem Ministra Zdrowia z dnia 7 grudnia 2023 r. w sprawie ustawicznego rozwoju zawodowego diagnosty laboratoryjnego.<\/p>\n<p>Informacja o konferencji wraz z z kart\u0105 zg\u0142oszenia zostanie przes\u0142ana r\u00f3wnie\u017c do ka\u017cdego cz\u0142onka naszego Oddzia\u0142u drog\u0105 mailow\u0105.Zach\u0119camy cz\u0142onk\u00f3w PTDL do udzia\u0142u w konferencji.<\/p>\n<p>&nbsp;<\/p>\n<p>Do zobaczenia w Turznie!<\/p>\n<p>Zarz\u0105d Oddzia\u0142u PTDL w Bydgoszczy<\/p>\n<p><strong>\u00a0<\/strong><\/p>\n<p style=\"text-align: center\"><strong>KARTA\u00a0 ZG\u0141OSZENIA<\/strong><\/p>\n<p style=\"text-align: center\"><strong>KONFERENCJA NAUKOWO &#8211; SZKOLENIOWA ODDZIA\u0141U PTDL W\u00a0 BYDGOSZCZY<\/strong><\/p>\n<p style=\"text-align: center\"><strong>&#8222;MEDYCYNA LABORATORYJNA 2026&#8221;<\/strong><\/p>\n<p style=\"text-align: center\"><strong>27 \u2013 28 maja 2026<\/strong><\/p>\n<p style=\"text-align: center\"><strong>\u00a0\u00a0\u00a0 <\/strong><strong>Hotel Pa\u0142ac Romantyczny, ul. Toru\u0144ska1; 87-148 Turzno<\/strong><strong> k\/Torunia<\/strong><\/p>\n<ol>\n<li style=\"text-align: left\"><strong> Dane uczestnika:<\/strong><\/li>\n<\/ol>\n<p style=\"text-align: left\"><strong>\u00a0Nazwisko i imi\u0119: <\/strong>&#8230;&#8230;&#8230;&#8230;&#8230;&#8230;&#8230;&#8230;&#8230;&#8230;&#8230;&#8230;&#8230;&#8230;&#8230;&#8230;&#8230;&#8230;&#8230;&#8230;&#8230;&#8230;&#8230;&#8230;&#8230;&#8230;&#8230;&#8230;&#8230;&#8230;&#8230;&#8230;&#8230;&#8230;&#8230;&#8230;&#8230;&#8230;&#8230;..*<\/p>\n<p style=\"text-align: left\"><strong>\u00a0Adres zamieszkania<\/strong>&#8230;&#8230;&#8230;&#8230;&#8230;&#8230;&#8230;&#8230;&#8230;&#8230;&#8230;&#8230;&#8230;&#8230;&#8230;&#8230;&#8230;&#8230;&#8230;&#8230;&#8230;&#8230;&#8230;&#8230;&#8230;&#8230;&#8230;&#8230;&#8230;&#8230;&#8230;&#8230;&#8230;&#8230;&#8230;&#8230;&#8230;&#8230;*<\/p>\n<p style=\"text-align: left\"><strong>\u00a0Telefon kontaktowy<\/strong> &#8230;&#8230;&#8230;&#8230;&#8230;&#8230;&#8230;&#8230;&#8230;&#8230;&#8230;&#8230;.*\u00a0 \u00a0 \u00a0 <strong>E-mail<\/strong> &#8230;&#8230;&#8230;&#8230;&#8230;&#8230;&#8230;&#8230;&#8230;&#8230;&#8230;&#8230;&#8230;&#8230;&#8230;&#8230;&#8230;&#8230;&#8230; *<\/p>\n<p style=\"text-align: left\"><strong>Oddzia\u0142 PTDL<\/strong>&#8230;&#8230;&#8230;&#8230;&#8230;&#8230;&#8230;&#8230;&#8230;&#8230;&#8230;&#8230;&#8230;&#8230;&#8230;&#8230;&#8230;&#8230;&#8230;&#8230;&#8230;&#8230;&#8230;&#8230;.*<\/p>\n<p style=\"text-align: left\"><strong><em>* dane wymagane<\/em><\/strong><\/p>\n<table>\n<tbody>\n<tr>\n<td width=\"582\"><em>Wyra\u017cam zgod\u0119 na przetwarzanie moich danych osobowych zawartych w niniejszym zg\u0142oszeniu \u00a0w celach zwi\u0105zanych z rejestracj\u0105, udzia\u0142em i organizacj\u0105 konferencji( zgodnie z ustaw\u0105 z dnia 10 maja 2018 roku o ochronie danych osobowych (Dz. Ustaw z 2018, poz. 1000) oraz zgodnie z Rozporz\u0105dzeniem Parlamentu Europejskiego i Rady (UE) 2016\/679 z dnia 27 kwietnia 2016 r. w sprawie ochrony os\u00f3b fizycznych w zwi\u0105zku z przetwarzaniem danych osobowych i w sprawie swobodnego przep\u0142ywu takich danych oraz uchylenia dyrektywy 95\/46\/WE (RODO).Zosta\u0142am(em) poinformowana(y) o prawie dost\u0119pu do swoich danych ,mo\u017cliwo\u015bci \u00a0ich poprawiania, \u017cadania zaprzestania ich przetwarzania. Administratorem danych jest Oddzia\u0142\u00a0 Bydgoski PTDL z siedzib\u0105 w Bydgoszczy,ul.M.C-Sk\u0142odowskiej 9<\/em><\/td>\n<td width=\"26\"><\/td>\n<\/tr>\n<\/tbody>\n<\/table>\n<p><strong><em>Zaznacz X w okienku po prawej stronie<\/em><\/strong><\/p>\n<p><strong>2<\/strong>.<strong>Zakwaterowanie<\/strong> &#8211;\u00a0\u00a0\u00a0\u00a0\u00a0\u00a0\u00a0 <strong>pok\u00f3j 2 osobowy\u00a0\u00a0\u00a0\u00a0 \u00a0<\/strong><\/p>\n<p><strong><em>Proponowany wsp\u00f3\u0142lokator<\/em><\/strong>&#8230;&#8230;&#8230;&#8230;&#8230;&#8230;&#8230;&#8230;&#8230;&#8230;&#8230;&#8230;&#8230;&#8230;&#8230;&#8230;&#8230;&#8230;&#8230;&#8230;&#8230;&#8230;&#8230;&#8230;&#8230;&#8230;&#8230;&#8230;&#8230;&#8230;&#8230;&#8230;&#8230;&#8230;&#8230;&#8230;&#8230;&#8230;&#8230;&#8230;&#8230;&#8230;&#8230;&#8230;&#8230;..<\/p>\n<p><strong>3.Koszt konferencji\u00a0 &#8211;<\/strong><strong>pe\u0142ny koszt (op\u0142ata konferencyjna +nocleg) wynosi 360,00 z\u0142<\/strong><\/p>\n<table>\n<tbody>\n<tr>\n<td width=\"578\"><strong>\u00a0 Op\u0142ata konferencyjna\u00a0 \u00a0\u00a0\u00a0170 z\u0142<\/strong><\/td>\n<td width=\"26\"><\/td>\n<\/tr>\n<tr>\n<td width=\"578\"><strong>\u00a0\u00a0 Nocleg\u00a0\u00a0\u00a0 \u00a0\u00a0\u00a0\u00a0\u00a0\u00a0\u00a0\u00a0\u00a0\u00a0\u00a0\u00a0\u00a0\u00a0\u00a0\u00a0\u00a0\u00a0\u00a0\u00a0\u00a0\u00a0\u00a0\u00a0\u00a0\u00a0\u00a0190 z\u0142<\/strong><\/td>\n<td width=\"26\"><\/td>\n<\/tr>\n<\/tbody>\n<\/table>\n<p><strong><em>Zaznacz X w okienku po prawej stronie<\/em><\/strong><\/p>\n<p><strong>Op\u0142ata konferencyjna obejmuje: udzia\u0142 w wyk\u0142adach znajduj\u0105cych si\u0119 w programie konferencji, materia\u0142y konferencyjne, wy\u017cywienie<\/strong><\/p>\n<ol start=\"4\">\n<li><strong> Obiad w dniu 28 maja 2026\/ <\/strong><strong>zaznaczy\u0107 X <\/strong><strong>TAK\u00a0\u00a0\u00a0\u00a0\u00a0 <\/strong><strong>\u25a1\u00a0\u00a0\u00a0 <\/strong><strong>\u00a0\u00a0\u00a0\u00a0\u00a0\u00a0\u00a0\u00a0\u00a0\u00a0\u00a0\u00a0\u00a0NIE\u00a0\u00a0\u00a0 <\/strong><strong>\u25a1<\/strong><\/li>\n<li><strong> Faktura <\/strong><strong><em>(zaznacz X w okienku po prawej stronie)<\/em><\/strong><\/li>\n<\/ol>\n<table>\n<tbody>\n<tr>\n<td width=\"579\"><strong>\u00a0a) TAK<\/strong><\/td>\n<td width=\"26\"><\/td>\n<\/tr>\n<tr>\n<td width=\"579\"><strong>\u00a0b) NIE\u00a0\u00a0\u00a0\u00a0\u00a0\u00a0\u00a0\u00a0\u00a0 <\/strong><\/td>\n<td width=\"26\"><\/td>\n<\/tr>\n<\/tbody>\n<\/table>\n<p><strong>\u00a0Dane do faktury :<\/strong><\/p>\n<p><strong>Nazwa i adres nabywcy faktury<\/strong>:<\/p>\n<p>&#8230;&#8230;&#8230;&#8230;&#8230;&#8230;&#8230;&#8230;&#8230;&#8230;&#8230;&#8230;&#8230;&#8230;&#8230;&#8230;&#8230;&#8230;&#8230;&#8230;&#8230;&#8230;&#8230;&#8230;&#8230;&#8230;&#8230;&#8230;&#8230;&#8230;&#8230;&#8230;&#8230;&#8230;&#8230;&#8230;&#8230;&#8230;&#8230;&#8230;&#8230;&#8230;&#8230;&#8230;&#8230;&#8230;&#8230;&#8230;&#8230;&#8230;&#8230;&#8230;&#8230;&#8230;&#8230;&#8230;&#8230;&#8230;&#8230;&#8230;&#8230;&#8230;&#8230;<\/p>\n<p>&#8230;&#8230;&#8230;&#8230;&#8230;&#8230;&#8230;&#8230;&#8230;&#8230;&#8230;&#8230;&#8230;&#8230;&#8230;&#8230;&#8230;&#8230;&#8230;&#8230;&#8230;&#8230;&#8230;&#8230;&#8230;&#8230;&#8230;&#8230;&#8230;&#8230;&#8230;&#8230;&#8230;&#8230;&#8230;&#8230;&#8230;&#8230;&#8230;&#8230;&#8230;&#8230;&#8230;&#8230;&#8230;&#8230;&#8230;&#8230;&#8230;&#8230;&#8230;&#8230;&#8230;&#8230;&#8230;&#8230;&#8230;&#8230;&#8230;&#8230;&#8230;&#8230;..<\/p>\n<p><strong>NIP<\/strong>: &#8230;&#8230;&#8230;&#8230;&#8230;&#8230;&#8230;&#8230;&#8230;&#8230;&#8230;&#8230;&#8230;&#8230;&#8230;&#8230;&#8230;&#8230;&#8230;..<\/p>\n<p><strong>Uwaga:<\/strong> <strong>Faktur\u0119 otrzymaj\u0105 jedynie ci uczestnicy, kt\u00f3rzy zaznacz\u0105 pkt.5 karty zg\u0142oszenia oraz podadz\u0105 dane do faktury wraz z NIP<\/strong><strong> &#8211; <\/strong><strong>przed konferencj\u0105<\/strong><strong>. <\/strong><\/p>\n<p><strong>Czytelnie wype\u0142niony formularz zg\u0142oszeniowy oraz potwierdzenie op\u0142aty przes\u0142a\u0107 \u00a0<\/strong><strong>drog\u0105<\/strong> <strong>elektroniczn\u0105<\/strong><strong> na adres: <\/strong><a href=\"mailto:slabalcerak@wp.pl\"><strong>slabalcerak@wp.pl<\/strong><\/a><\/p>\n<p><strong>Termin dokonania op\u0142at :\u00a0\u00a0 do 3 dni po rejestracji. <\/strong><strong>Warunkami pe\u0142nej rejestracji uczestnika s\u0105: zg\u0142oszenie oraz dow\u00f3d wp\u0142aty.<\/strong><\/p>\n<p><strong>Osoby, kt\u00f3re spe\u0142ni\u0142y te warunki otrzymaj\u0105 maila z informacj\u0105 o uczestnictwie i stan\u0105 si\u0119 pe\u0142noprawnymi uczestnikami konferencji. W przypadku, gdy jeden z tych warunk\u00f3w nie zostanie spe\u0142niony osoba zainteresowana zostanie umieszczona na li\u015bcie rezerwowej. Miejsce na li\u015bcie rezerwowej nie gwarantuje uczestnictwa, gdy\u017c liczba uczestnik\u00f3w jest ograniczona.<\/strong><\/p>\n<p><strong>Wp\u0142aty dokona\u0107 na konto: Oddzia\u0142 Bydgoski PTDL <\/strong><strong>ul.M.Sk\u0142odowskiej-Curie 9,85-094 Bydgoszcz,<\/strong><strong> Bank Pekao BP w Bydgoszczy, nr\u00a0 konta 55 1020 1475 0000 8502 0084 8994, <\/strong><strong>w tytule wp\u0142aty <\/strong><strong>wpisa\u0107<span style=\"color: #ff0000\"> \u201e<\/span><\/strong><span style=\"color: #ff0000\"><strong>Na cele statutowe <\/strong><strong>&#8211;\u00a0 <\/strong><strong>\u00a0Konferencja Oddzia\u0142u PTDL w Bydgoszczy \u2013 Turzno 2026\u201d oraz\u00a0 poda\u0107 imi\u0119 i nazwisko uczestnika konferencji (je\u015bli przelew jest z innego konta ni\u017c konto uczestnika)<\/strong><\/span><\/p>\n<p><strong>Przyjmuj\u0119 do wiadomo\u015bci,\u00a0 \u017ce wp\u0142acona nale\u017cno\u015b\u0107 nie podlega zwrotowi w przypadku nieobecno\u015bci lub wycofania si\u0119 z udzia\u0142u w konferencji<\/strong><\/p>\n<p><strong>\u00a0 \u00a0 \u00a0 \u00a0 \u00a0 \u00a0 \u00a0 \u00a0 \u00a0 \u00a0 \u00a0 \u00a0 \u00a0 \u00a0 \u00a0 \u00a0 \u00a0 \u00a0 \u00a0 \u00a0 \u00a0 \u00a0 \u00a0 \u00a0 \u00a0 \u00a0 \u00a0 \u00a0 \u00a0 \u00a0 \u00a0 \u00a0 \u00a0 \u00a0 \u00a0 \u00a0 \u00a0 \u00a0 \u00a0 \u00a0 \u00a0 \u00a0 \u2026\u2026\u2026\u2026\u2026\u2026\u2026\u2026\u2026\u2026\u2026\u2026\u2026\u2026\u2026\u2026\u2026\u2026\u2026\u2026\u2026\u2026\u2026\u2026\u2026\u2026<\/strong><\/p>\n<p><strong><em>\u00a0 \u00a0 \u00a0 \u00a0 \u00a0 \u00a0 \u00a0 \u00a0 \u00a0 \u00a0 \u00a0 \u00a0 \u00a0 \u00a0 \u00a0 \u00a0 \u00a0 \u00a0 \u00a0 \u00a0 \u00a0 \u00a0 \u00a0 \u00a0 \u00a0 \u00a0 \u00a0 \u00a0 \u00a0 \u00a0 \u00a0 \u00a0 \u00a0 \u00a0 \u00a0 \u00a0 \u00a0 \u00a0 \u00a0 \u00a0 \u00a0 \u00a0 \u00a0 \u00a0 \u00a0 \u00a0 \u00a0 \u00a0 \u00a0 \u00a0 \u00a0 \u00a0 \u00a0 \u00a0 \u00a0 \u00a0data i podpis Uczestnika<\/em><\/strong><\/p>\n","protected":false},"excerpt":{"rendered":"<p>Szanowni Pa\u0144stwo, W poprzednich komunikatach ukaza\u0142y si\u0119 informacje o konferencji naukowo-szkoleniowej organizowanej przez Oddzia\u0142 PTDL w Bydgoszczy w dniach 27-28 maja 2026 r\u00a0 oraz o programie konferencji. Od 27 kwietnia 2026 r rozpoczyna si\u0119 rejestracja na konferencj\u0119,kt\u00f3ra potrwa do wyczerpania miejsc, najp\u00f3\u017aniej do 18 maja 2026 r.Je\u017celi liczba miejsc zostanie wyczerpana przed tym terminem og\u0142osimy [&hellip;]<\/p>\n","protected":false},"author":21,"featured_media":4666,"comment_status":"closed","ping_status":"open","sticky":false,"template":"","format":"standard","meta":{"footnotes":""},"categories":[9,28],"tags":[],"class_list":["post-6070","post","type-post","status-publish","format-standard","has-post-thumbnail","hentry","category-aktualnosci-oddzial-bydgoszcz","category-konferencje"],"_links":{"self":[{"href":"https:\/\/ptdl.pl\/index.php\/wp-json\/wp\/v2\/posts\/6070","targetHints":{"allow":["GET"]}}],"collection":[{"href":"https:\/\/ptdl.pl\/index.php\/wp-json\/wp\/v2\/posts"}],"about":[{"href":"https:\/\/ptdl.pl\/index.php\/wp-json\/wp\/v2\/types\/post"}],"author":[{"embeddable":true,"href":"https:\/\/ptdl.pl\/index.php\/wp-json\/wp\/v2\/users\/21"}],"replies":[{"embeddable":true,"href":"https:\/\/ptdl.pl\/index.php\/wp-json\/wp\/v2\/comments?post=6070"}],"version-history":[{"count":20,"href":"https:\/\/ptdl.pl\/index.php\/wp-json\/wp\/v2\/posts\/6070\/revisions"}],"predecessor-version":[{"id":6090,"href":"https:\/\/ptdl.pl\/index.php\/wp-json\/wp\/v2\/posts\/6070\/revisions\/6090"}],"wp:featuredmedia":[{"embeddable":true,"href":"https:\/\/ptdl.pl\/index.php\/wp-json\/wp\/v2\/media\/4666"}],"wp:attachment":[{"href":"https:\/\/ptdl.pl\/index.php\/wp-json\/wp\/v2\/media?parent=6070"}],"wp:term":[{"taxonomy":"category","embeddable":true,"href":"https:\/\/ptdl.pl\/index.php\/wp-json\/wp\/v2\/categories?post=6070"},{"taxonomy":"post_tag","embeddable":true,"href":"https:\/\/ptdl.pl\/index.php\/wp-json\/wp\/v2\/tags?post=6070"}],"curies":[{"name":"wp","href":"https:\/\/api.w.org\/{rel}","templated":true}]}}