{"id":6092,"date":"2026-04-20T14:32:39","date_gmt":"2026-04-20T12:32:39","guid":{"rendered":"https:\/\/ptdl.pl\/?p=6092"},"modified":"2026-04-20T14:35:28","modified_gmt":"2026-04-20T12:35:28","slug":"ogolnopolski-dzien-diagnosty-laboratoryjnego","status":"publish","type":"post","link":"https:\/\/ptdl.pl\/index.php\/2026\/04\/20\/ogolnopolski-dzien-diagnosty-laboratoryjnego\/","title":{"rendered":"OG\u00d3LNOPOLSKI DZIE\u0143 DIAGNOSTY LABORATORYJNEGO"},"content":{"rendered":"<div class='flex_column av-6g3yvw-4bf60b646a8e7f93308e397b6ffc6e74 av_one_fifth  avia-builder-el-0  el_before_av_three_fifth  avia-builder-el-first  first flex_column_div '     ><\/div>\n<div class='flex_column av-4wa5ho-6e065ebdd2535efa393ae535e9087a31 av_three_fifth  avia-builder-el-1  el_after_av_one_fifth  el_before_av_one_fifth  flex_column_div '     ><p>\n<style type=\"text\/css\" data-created_by=\"avia_inline_auto\" id=\"style-css-av-mo768sgz-3d8e9148b547166888212ea51e6e0756\">\n.avia-image-container.av-mo768sgz-3d8e9148b547166888212ea51e6e0756 img.avia_image{\nbox-shadow:none;\n}\n.avia-image-container.av-mo768sgz-3d8e9148b547166888212ea51e6e0756 .av-image-caption-overlay-center{\ncolor:#ffffff;\n}\n<\/style>\n<div  class='avia-image-container av-mo768sgz-3d8e9148b547166888212ea51e6e0756 av-styling- avia-align-center  avia-builder-el-2  el_before_av_hr  avia-builder-el-first '   itemprop=\"image\" itemscope=\"itemscope\" itemtype=\"https:\/\/schema.org\/ImageObject\" ><div class=\"avia-image-container-inner\"><div class=\"avia-image-overlay-wrap\"><img decoding=\"async\" class='wp-image-6093 avia-img-lazy-loading-not-6093 avia_image ' src=\"https:\/\/ptdl.pl\/ptdl\/wp-content\/uploads\/2026\/04\/fb.jpg\" alt='' title='Screenshot'  height=\"1309\" width=\"1320\"  itemprop=\"thumbnailUrl\" srcset=\"https:\/\/ptdl.pl\/ptdl\/wp-content\/uploads\/2026\/04\/fb.jpg 1320w, https:\/\/ptdl.pl\/ptdl\/wp-content\/uploads\/2026\/04\/fb-300x298.jpg 300w, https:\/\/ptdl.pl\/ptdl\/wp-content\/uploads\/2026\/04\/fb-1030x1021.jpg 1030w, https:\/\/ptdl.pl\/ptdl\/wp-content\/uploads\/2026\/04\/fb-80x80.jpg 80w, https:\/\/ptdl.pl\/ptdl\/wp-content\/uploads\/2026\/04\/fb-768x762.jpg 768w, https:\/\/ptdl.pl\/ptdl\/wp-content\/uploads\/2026\/04\/fb-36x36.jpg 36w, https:\/\/ptdl.pl\/ptdl\/wp-content\/uploads\/2026\/04\/fb-180x180.jpg 180w, https:\/\/ptdl.pl\/ptdl\/wp-content\/uploads\/2026\/04\/fb-705x699.jpg 705w\" sizes=\"(max-width: 1320px) 100vw, 1320px\" \/><\/div><\/div><\/div><br \/>\n<div  class='hr av-av_hr-91d7ccd583a503147498e120fee2ff9b hr-default  avia-builder-el-3  el_after_av_image  el_before_av_textblock '><span class='hr-inner '><span class=\"hr-inner-style\"><\/span><\/span><\/div><br \/>\n<section  class='av_textblock_section av-mo767x29-2959a37590d223163ef0430b7dcda1b7'  itemscope=\"itemscope\" itemtype=\"https:\/\/schema.org\/BlogPosting\" itemprop=\"blogPost\" ><div class='avia_textblock'  itemprop=\"text\" ><p style=\"text-align: justify;\">Szanowni Pa\u0144stwo,<br \/>\nmedycyna laboratoryjna stanowi jeden z kluczowych komponent\u00f3w systemu ochrony zdrowia, a diagnosta laboratoryjny \u2013 jako specjalista odpowiedzialny za zapewnienie jako\u015bci i wiarygodno\u015bci wynik\u00f3w laboratoryjnych bada\u0144 diagnostycznych \u2013 istotnie wsp\u00f3\u0142determinuje trafno\u015b\u0107 decyzji klinicznych oraz efektywno\u015b\u0107 procesu diagnostyczno-terapeutycznego. Codzienna praktyka zawodowa diagnost\u00f3w laboratoryjnych wi\u0105\u017ce si\u0119 z odpowiedzialno\u015bci\u0105 za zdrowie i \u017cycie pacjent\u00f3w, pozostaj\u0105c integraln\u0105 cz\u0119\u015bci\u0105 wsp\u00f3\u0142czesnej \u2013 opartej na dowodach naukowych \u2013 medycynie. Dzie\u0144 Diagnosty Laboratoryjnego, obchodzony 27 maja, stanowi zatem wa\u017cn\u0105 okazj\u0119 do podkre\u015blenia znaczenia tej profesji oraz wyra\u017cenia uznania dla kompetencji, precyzji i zaanga\u017cowania, kt\u00f3re determinuj\u0105 jako\u015b\u0107 opieki zdrowotnej.<\/p>\n<p style=\"text-align: justify;\">Organizatorzy, Zarz\u0105d G\u0142\u00f3wny Polskiego Towarzystwa Diagnostyki Laboratoryjnej, Krajowa Rada Diagnost\u00f3w Laboratoryjnych oraz Dyrekcja Wojew\u00f3dzkiego Szpitala im. \u015aw. Ojca Pio \u00a0w Przemy\u015blu, serdecznie zapraszaj\u0105 do udzia\u0142u w og\u00f3lnopolskim wydarzeniu o uroczystym charakterze, stanowi\u0105cym wyj\u0105tkow\u0105 okazj\u0119 do wsp\u00f3lnego \u015bwi\u0119towania \u015brodowiska diagnost\u00f3w laboratoryjnych oraz refleksji nad wsp\u00f3\u0142czesnymi wyzwaniami i kierunkami rozwoju medycyny laboratoryjnej.<\/p>\n<\/div><\/section><br \/>\n<div  class='hr av-av_hr-91d7ccd583a503147498e120fee2ff9b hr-default  avia-builder-el-5  el_after_av_textblock  el_before_av_icon_box '><span class='hr-inner '><span class=\"hr-inner-style\"><\/span><\/span><\/div><br \/>\n<article  class='iconbox iconbox_left av-mo76at9c-ca39a72537d9c400b11159c8ee49b9c7  avia-builder-el-6  el_after_av_hr  avia-builder-el-last '  itemscope=\"itemscope\" itemtype=\"https:\/\/schema.org\/BlogPosting\" itemprop=\"blogPost\" ><div class=\"iconbox_content\"><header class=\"entry-content-header\"><div class=\"iconbox_icon heading-color\" aria-hidden='true' data-av_icon='\ue887' data-av_iconfont='entypo-fontello'><\/div><h3 class='iconbox_content_title '  itemprop=\"headline\" >Do pobrania<\/h3><\/header><div class='iconbox_content_container '  itemprop=\"text\" ><p><a href=\"https:\/\/ptdl.pl\/ptdl\/wp-content\/uploads\/2026\/04\/Agenda-Dzien-Diagnosty-Laboratoryjnego.pdf\">Agenda &#8211; Dzien\u0301 Diagnosty Laboratoryjnego.pdf<\/a><\/p>\n<\/div><\/div><footer class=\"entry-footer\"><\/footer><\/article><\/p><\/div><div class='flex_column av-35hkbg-aa20deb33d3cd61af0920d1ba138385a av_one_fifth  avia-builder-el-7  el_after_av_three_fifth  avia-builder-el-last  flex_column_div '     ><\/div><\/p>\n","protected":false},"excerpt":{"rendered":"","protected":false},"author":1,"featured_media":6093,"comment_status":"closed","ping_status":"open","sticky":false,"template":"","format":"standard","meta":{"footnotes":""},"categories":[5,28],"tags":[],"class_list":["post-6092","post","type-post","status-publish","format-standard","has-post-thumbnail","hentry","category-aktualnosci-zarzad","category-konferencje"],"_links":{"self":[{"href":"https:\/\/ptdl.pl\/index.php\/wp-json\/wp\/v2\/posts\/6092","targetHints":{"allow":["GET"]}}],"collection":[{"href":"https:\/\/ptdl.pl\/index.php\/wp-json\/wp\/v2\/posts"}],"about":[{"href":"https:\/\/ptdl.pl\/index.php\/wp-json\/wp\/v2\/types\/post"}],"author":[{"embeddable":true,"href":"https:\/\/ptdl.pl\/index.php\/wp-json\/wp\/v2\/users\/1"}],"replies":[{"embeddable":true,"href":"https:\/\/ptdl.pl\/index.php\/wp-json\/wp\/v2\/comments?post=6092"}],"version-history":[{"count":6,"href":"https:\/\/ptdl.pl\/index.php\/wp-json\/wp\/v2\/posts\/6092\/revisions"}],"predecessor-version":[{"id":6104,"href":"https:\/\/ptdl.pl\/index.php\/wp-json\/wp\/v2\/posts\/6092\/revisions\/6104"}],"wp:featuredmedia":[{"embeddable":true,"href":"https:\/\/ptdl.pl\/index.php\/wp-json\/wp\/v2\/media\/6093"}],"wp:attachment":[{"href":"https:\/\/ptdl.pl\/index.php\/wp-json\/wp\/v2\/media?parent=6092"}],"wp:term":[{"taxonomy":"category","embeddable":true,"href":"https:\/\/ptdl.pl\/index.php\/wp-json\/wp\/v2\/categories?post=6092"},{"taxonomy":"post_tag","embeddable":true,"href":"https:\/\/ptdl.pl\/index.php\/wp-json\/wp\/v2\/tags?post=6092"}],"curies":[{"name":"wp","href":"https:\/\/api.w.org\/{rel}","templated":true}]}}