{"id":6112,"date":"2026-04-22T15:44:52","date_gmt":"2026-04-22T13:44:52","guid":{"rendered":"https:\/\/ptdl.pl\/?p=6112"},"modified":"2026-04-22T15:44:52","modified_gmt":"2026-04-22T13:44:52","slug":"walne-zebranie-sprawozdawczo-wyborcze-czlonkow-oddzialu-ptdl-w-bydgoszczy-19-maja-2026-r","status":"publish","type":"post","link":"https:\/\/ptdl.pl\/index.php\/2026\/04\/22\/walne-zebranie-sprawozdawczo-wyborcze-czlonkow-oddzialu-ptdl-w-bydgoszczy-19-maja-2026-r\/","title":{"rendered":"Walne Zebranie Sprawozdawczo-Wyborcze  Cz\u0142onk\u00f3w Oddzia\u0142u PTDL w Bydgoszczy 19 maja 2026 r"},"content":{"rendered":"<p style=\"text-align: center\"><strong>Zarz\u0105d Oddzia\u0142u PTDL w Bydgoszczy zawiadamia<\/strong><\/p>\n<p style=\"text-align: center\"><strong>o Walnym Zgromadzeniu Cz\u0142onk\u00f3w Oddzia\u0142u,<\/strong><\/p>\n<p style=\"text-align: center\"><strong>kt\u00f3re odb\u0119dzie si\u0119 w dniu<\/strong><\/p>\n<p style=\"text-align: center\"><strong><span style=\"color: #ff0000\">19 maja 2026r.<\/span><\/strong><\/p>\n<p style=\"text-align: center\"><strong>w sali firmy JMJ mieszcz\u0105cej si\u0119 przy ul. Fordo\u0144skiej 46G, w Bydgoszczy w:<\/strong><\/p>\n<p>&nbsp;<\/p>\n<p style=\"text-align: center\"><strong>I terminie o godz. 15.45<\/strong> &#8211; <span style=\"color: #ff0000\">przy obecno\u015bci co najmniej po\u0142owy cz\u0142onk\u00f3w upowa\u017cnionych do g\u0142osowania<\/span><\/p>\n<p style=\"text-align: center\">\n<p style=\"text-align: center\"><span style=\"color: #0000ff\"><strong>W przypadku braku quorum w:<\/strong><\/span><\/p>\n<p style=\"text-align: center\">\n<p style=\"text-align: center\"><strong>II terminie o godz. 16.00<\/strong> &#8211; <span style=\"color: #ff0000\">bez wzgl\u0119du na ilo\u015b\u0107 obecnych cz\u0142onk\u00f3w<\/span><\/p>\n<p style=\"text-align: center\">\n<p><strong>Prawo czynnego udzia\u0142u w wyborach maj\u0105 jedynie cz\u0142onkowie PTDL z op\u0142aconymi sk\u0142adkami do 2025r. w\u0142\u0105cznie<\/strong><\/p>\n<p><strong>W celu pobrania mandatu wyborczego prosimy o zabranie ze sob\u0105 dokumentu to\u017csamo\u015bci<\/strong><\/p>\n<p>&nbsp;<\/p>\n<p style=\"text-align: center\"><strong><span style=\"color: #0000ff\">Cz\u0119\u015b\u0107 wyborcza zebrania:<\/span><\/strong><\/p>\n<p style=\"text-align: center\"><strong>Porz\u0105dek Walnego Zebrania Sprawozdawczo-Wyborczego Oddzia\u0142u\u00a0 PTDL w Bydgoszczy<\/strong><\/p>\n<p>&nbsp;<\/p>\n<ol>\n<li><strong>Otwarcie Walnego Zgromadzenia Cz\u0142onk\u00f3w Oddzia\u0142u\u00a0 PTDL w Bydgoszczy<\/strong><\/li>\n<li><strong>Wyb\u00f3r Przewodnicz\u0105cego Walnego Zebrania<\/strong> &#8211; <span style=\"color: #ff0000\"><em>g\u0142osowanie jawne<\/em><\/span><\/li>\n<li><strong>Wyb\u00f3r Protokolanta Walnego Zebrania<\/strong> &#8211; <span style=\"color: #ff0000\"><em>g\u0142osowanie jawne<\/em><\/span><\/li>\n<li><span style=\"color: #ff0000\"><strong><span style=\"color: #000000\">Wyb\u00f3r Komisji Skrutacyjnej<\/span> <\/strong>&#8211; <em>g\u0142osowanie jawne<\/em><\/span><\/li>\n<li><strong>Wyb\u00f3r Komisji Uchwa\u0142 i Wniosk\u00f3w<\/strong> &#8211; <span style=\"color: #ff0000\"><em>g\u0142osowanie jawne<\/em><\/span><\/li>\n<li><strong>Przedstawienie sprawozdania z dzia\u0142alno\u015bci Oddzia\u0142u za kadencj\u0119 2022-2026<\/strong> &#8211; <strong><span style=\"color: #0000ff\"><em>Przewodnicz\u0105ca Oddzia\u0142u<\/em><\/span><\/strong><\/li>\n<li><strong>Przedstawienie sprawozdania finansowego za kadencj\u0119 2022-2026<\/strong> &#8211; <strong><span style=\"color: #0000ff\"><em>Skarbnik Oddzia\u0142u<\/em><\/span><\/strong><\/li>\n<li><strong>Przedstawienie sprawozdania Komisji Rewizyjnej za kadencj\u0119 2022-2026<\/strong><\/li>\n<li><strong>Udzielenie absolutorium ust\u0119puj\u0105cemu Zarz\u0105dowi na wniosek Komisji Rewizyjnej <em>&#8211;<\/em><\/strong><span style=\"color: #ff0000\"><em> g\u0142osowanie jawne<\/em><\/span><\/li>\n<li><strong>Wyb\u00f3r <span style=\"color: #0000ff\">Przewodnicz\u0105cego Zarz\u0105du Oddzia\u0142u PTDL w Bydgoszczy na kadencj\u0119 2026-2030 <\/span><\/strong><span style=\"color: #0000ff\">w g\u0142osowaniu tajnym<\/span><\/li>\n<li><strong>Og\u0142oszenie przez Komisj\u0119 Skrutacyjn\u0105 wynik\u00f3w wyboru Przewodnicz\u0105cego Zarz\u0105du Oddzia\u0142u<\/strong><\/li>\n<li><strong>Wyb\u00f3r w<\/strong> <span style=\"color: #0000ff\">g\u0142osowaniu tajnym:<\/span><\/li>\n<\/ol>\n<p>&#8211; <strong><span style=\"color: #0000ff\">Cz\u0142onk\u00f3w Zarz\u0105du Oddzia\u0142u\u00a0 na kadencj\u0119 2026 &#8211; 2030<\/span><\/strong> &#8211; <strong><span style=\"color: #000000\">9 os\u00f3b (7 cz\u0142onk\u00f3w i 2 zast\u0119pc\u00f3w)<\/span><\/strong><\/p>\n<p>&#8211; <strong><span style=\"color: #0000ff\">Komisji Rewizyjnej &#8211; 5 os\u00f3b <\/span><span style=\"color: #0000ff\"><span style=\"color: #000000\">(3 cz\u0142onk\u00f3w i 2 zast\u0119pc\u00f3w)<\/span><\/span><\/strong><\/p>\n<p>&#8211; <strong><span style=\"color: #0000ff\">Delegat\u00f3w na Walne Zgromadzenie Delegat\u00f3w Towarzystwa w Bia\u0142ymstoku <span style=\"color: #000000\">w dniach 16-19.09.2026 &#8211;<\/span> <span style=\"color: #000000\">( 1 delegat na 20 cz\u0142onk\u00f3w Oddzia\u0142u)<\/span><\/span><\/strong><\/p>\n<ol start=\"13\">\n<li><strong><span style=\"color: #000000\">Przedstawienie wynik\u00f3w g\u0142osowania przez Komisj\u0119 Skrutacyjn\u0105<\/span><\/strong><\/li>\n<li><strong><span style=\"color: #000000\">Wolne wnioski i dyskusja<\/span><\/strong><\/li>\n<li><strong><span style=\"color: #000000\">Sprawozdanie Komisji Uchwa\u0142 i Wniosk\u00f3w<\/span><\/strong><\/li>\n<\/ol>\n<p>&nbsp;<\/p>\n<p style=\"text-align: center\"><strong><span style=\"color: #0000ff\">Cz\u0119\u015b\u0107 naukowo-szkoleniowa zebrania:<\/span><\/strong><\/p>\n<p>&nbsp;<\/p>\n<p><strong>Wyk\u0142ad: <span style=\"color: #0000ff\">&#8222;Jak wyeliminowa\u0107 alergen z kota nie eliminuj\u0105c kota&#8221;<\/span><\/strong><\/p>\n<p><span style=\"color: #ff0000\"><strong><em>dr \u00a0hab. Kinga Lis, prof. UMK, Collegium Medicum w Bydgoszczy, UMK w Toruniu<\/em><\/strong><\/span><\/p>\n<p><strong>\u00a0<\/strong><\/p>\n<p><strong>Serdecznie zapraszamy cz\u0142onk\u00f3w naszego Oddzia\u0142u do czynnego uczestnictwa w Walnym Zgromadzeniu Sprawozdawczo- Wyborczym<\/strong><\/p>\n<p><strong>\u00a0<\/strong><\/p>\n<p><strong>\u00a0<\/strong><\/p>\n<p><strong>\u00a0<\/strong><\/p>\n","protected":false},"excerpt":{"rendered":"<p>Zarz\u0105d Oddzia\u0142u PTDL w Bydgoszczy zawiadamia o Walnym Zgromadzeniu Cz\u0142onk\u00f3w Oddzia\u0142u, kt\u00f3re odb\u0119dzie si\u0119 w dniu 19 maja 2026r. w sali firmy JMJ mieszcz\u0105cej si\u0119 przy ul. Fordo\u0144skiej 46G, w Bydgoszczy w: &nbsp; I terminie o godz. 15.45 &#8211; przy obecno\u015bci co najmniej po\u0142owy cz\u0142onk\u00f3w upowa\u017cnionych do g\u0142osowania W przypadku braku quorum w: II terminie [&hellip;]<\/p>\n","protected":false},"author":21,"featured_media":2586,"comment_status":"closed","ping_status":"open","sticky":false,"template":"","format":"standard","meta":{"footnotes":""},"categories":[9],"tags":[],"class_list":["post-6112","post","type-post","status-publish","format-standard","has-post-thumbnail","hentry","category-aktualnosci-oddzial-bydgoszcz"],"_links":{"self":[{"href":"https:\/\/ptdl.pl\/index.php\/wp-json\/wp\/v2\/posts\/6112","targetHints":{"allow":["GET"]}}],"collection":[{"href":"https:\/\/ptdl.pl\/index.php\/wp-json\/wp\/v2\/posts"}],"about":[{"href":"https:\/\/ptdl.pl\/index.php\/wp-json\/wp\/v2\/types\/post"}],"author":[{"embeddable":true,"href":"https:\/\/ptdl.pl\/index.php\/wp-json\/wp\/v2\/users\/21"}],"replies":[{"embeddable":true,"href":"https:\/\/ptdl.pl\/index.php\/wp-json\/wp\/v2\/comments?post=6112"}],"version-history":[{"count":17,"href":"https:\/\/ptdl.pl\/index.php\/wp-json\/wp\/v2\/posts\/6112\/revisions"}],"predecessor-version":[{"id":6129,"href":"https:\/\/ptdl.pl\/index.php\/wp-json\/wp\/v2\/posts\/6112\/revisions\/6129"}],"wp:featuredmedia":[{"embeddable":true,"href":"https:\/\/ptdl.pl\/index.php\/wp-json\/wp\/v2\/media\/2586"}],"wp:attachment":[{"href":"https:\/\/ptdl.pl\/index.php\/wp-json\/wp\/v2\/media?parent=6112"}],"wp:term":[{"taxonomy":"category","embeddable":true,"href":"https:\/\/ptdl.pl\/index.php\/wp-json\/wp\/v2\/categories?post=6112"},{"taxonomy":"post_tag","embeddable":true,"href":"https:\/\/ptdl.pl\/index.php\/wp-json\/wp\/v2\/tags?post=6112"}],"curies":[{"name":"wp","href":"https:\/\/api.w.org\/{rel}","templated":true}]}}