{"id":6131,"date":"2026-04-22T21:35:02","date_gmt":"2026-04-22T19:35:02","guid":{"rendered":"https:\/\/ptdl.pl\/?p=6131"},"modified":"2026-04-22T21:35:02","modified_gmt":"2026-04-22T19:35:02","slug":"6131","status":"publish","type":"post","link":"https:\/\/ptdl.pl\/index.php\/2026\/04\/22\/6131\/","title":{"rendered":""},"content":{"rendered":"<p style=\"text-align: center\"><strong>Zarz\u0105d Oddzia\u0142u Warszawskiego PTDL zawiadamia<\/strong><\/p>\n<p style=\"text-align: center\"><strong>o Walnym Zgromadzeniu Cz\u0142onk\u00f3w Oddzia\u0142u,<\/strong><\/p>\n<p style=\"text-align: center\"><strong>kt\u00f3re odb\u0119dzie si\u0119 w dniu<\/strong><\/p>\n<p style=\"text-align: center\"><strong>27 maja 2026r.<\/strong><\/p>\n<p style=\"text-align: center\"><strong>w sali wyk\u0142adowej Wydzia\u0142u Farmaceutycznego WUM przy ul. Banacha 1 w Warszawie<\/strong><\/p>\n<p><strong>\u00a0<\/strong><\/p>\n<p style=\"text-align: center\"><strong>Szczeg\u00f3\u0142y:<\/strong><\/p>\n<p><strong>W godzinach 16:30-18:05 odb\u0119dzie si\u0119 Konferencja naukowa IV Mazowiecki Dzie\u0144 Diagnosty Laboratoryjnego<\/strong><\/p>\n<p><strong>W godzinach 18:15-19:45 Walne Zebranie Cz\u0142onk\u00f3w PTDL<\/strong><\/p>\n<p>&nbsp;<\/p>\n<p><strong>I termin o godz. 18:15<\/strong>\u00a0\u2013\u00a0przy obecno\u015bci co najmniej po\u0142owy cz\u0142onk\u00f3w upowa\u017cnionych do g\u0142osowania<\/p>\n<p><strong>II termin o godz. 18:25<\/strong><\/p>\n<p>Prawo czynnego udzia\u0142u w wyborach maj\u0105 jedynie cz\u0142onkowie PTDL z op\u0142aconymi sk\u0142adkami do 2025r. w\u0142\u0105cznie, nale\u017cy mie\u0107 ze sob\u0105 dow\u00f3d to\u017csamo\u015bci do pobrania mandatu wyborczego.<\/p>\n<p>&nbsp;<\/p>\n<p><strong>Porz\u0105dek Walnego Zebrania Sprawozdawczo-Wyborczego Oddzia\u0142u\u00a0Warszawskiego PTDL<\/strong><\/p>\n<p>&nbsp;<\/p>\n<ol>\n<li><strong>Otwarcie Walnego Zgromadzenia Cz\u0142onk\u00f3w <\/strong><\/li>\n<li><strong>Wyb\u00f3r Przewodnicz\u0105cego Walnego Zebrania<\/strong>\u00a0\u2013\u00a0<em>g\u0142osowanie jawne<\/em><\/li>\n<li><strong>Wyb\u00f3r Protokolanta Walnego Zebrania<\/strong>\u00a0\u2013\u00a0<em>g\u0142osowanie jawne<\/em><\/li>\n<li><strong>Wyb\u00f3r Komisji Skrutacyjnej\u00a0<\/strong>\u2013\u00a0<em>g\u0142osowanie jawne<\/em><\/li>\n<li><strong>Wyb\u00f3r Komisji Uchwa\u0142 i Wniosk\u00f3w<\/strong>\u00a0\u2013\u00a0<em>g\u0142osowanie jawne<\/em><\/li>\n<li><strong>Przedstawienie sprawozdania z dzia\u0142alno\u015bci Oddzia\u0142u za kadencj\u0119 2022-2026<\/strong>\u00a0\u2013\u00a0<strong><em>Przewodnicz\u0105ca prof. Olga Ciepiela<\/em><\/strong><\/li>\n<li><strong>Przedstawienie sprawozdania finansowego za kadencj\u0119 2022-2026<\/strong>\u00a0\u2013\u00a0<strong><em>Skarbnik dr Pawe\u0142 Koz\u0142owski<\/em><\/strong><\/li>\n<li><strong>Przedstawienie sprawozdania Komisji Rewizyjnej za kadencj\u0119 2022-2026 \u2013 <em>mgr Milena Ma\u0142ecka-Gie\u0142dowska<\/em><\/strong><\/li>\n<li><strong>G\u0142osowanie nad udzieleniem absolutorium ust\u0119puj\u0105cemu Zarz\u0105dowi na wniosek Komisji Rewizyjnej\u00a0<em>\u2013<\/em><\/strong><em>\u00a0g\u0142osowanie jawne<\/em><\/li>\n<li><strong>Wyb\u00f3r\u00a0Przewodnicz\u0105cego Zarz\u0105du Oddzia\u0142u Warszawskiego PTDL na kadencj\u0119 2026-2030\u00a0<\/strong>w g\u0142osowaniu tajnym<\/li>\n<li><strong>Og\u0142oszenie przez Komisj\u0119 Skrutacyjn\u0105 wynik\u00f3w wyboru Przewodnicz\u0105cego Zarz\u0105du Oddzia\u0142u<\/strong><\/li>\n<li><strong>Wyb\u00f3r w<\/strong>\u00a0g\u0142osowaniu tajnym:<\/li>\n<\/ol>\n<p>\u2013\u00a0<strong>Cz\u0142onk\u00f3w Zarz\u0105du Oddzia\u0142u\u00a0 na kadencj\u0119 2026 \u2013 2030<\/strong>\u00a0\u2013\u00a0<strong>9 os\u00f3b (7 cz\u0142onk\u00f3w i 2 zast\u0119pc\u00f3w)<\/strong><\/p>\n<p>\u2013\u00a0<strong>Komisji Rewizyjnej \u2013 5 os\u00f3b\u00a0(3 cz\u0142onk\u00f3w i 2 zast\u0119pc\u00f3w)<\/strong><\/p>\n<p>\u2013\u00a0<strong>Delegat\u00f3w na Walne Zgromadzenie Delegat\u00f3w Towarzystwa w Bia\u0142ymstoku\u00a0w dniach 16-19.09.2026 \u2013\u00a016 os\u00f3b<\/strong><\/p>\n<p>13. Przedstawienie wynik\u00f3w g\u0142osowania przez Komisj\u0119 Skrutacyjn\u0105<\/p>\n<p>14. Sprawozdanie Komisji Uchwa\u0142 i Wniosk\u00f3w<\/p>\n<p>15. Zamkni\u0119cie Zebrania<\/p>\n","protected":false},"excerpt":{"rendered":"<p>Zarz\u0105d Oddzia\u0142u Warszawskiego PTDL zawiadamia o Walnym Zgromadzeniu Cz\u0142onk\u00f3w Oddzia\u0142u, kt\u00f3re odb\u0119dzie si\u0119 w dniu 27 maja 2026r. w sali wyk\u0142adowej Wydzia\u0142u Farmaceutycznego WUM przy ul. Banacha 1 w Warszawie \u00a0 Szczeg\u00f3\u0142y: W godzinach 16:30-18:05 odb\u0119dzie si\u0119 Konferencja naukowa IV Mazowiecki Dzie\u0144 Diagnosty Laboratoryjnego W godzinach 18:15-19:45 Walne Zebranie Cz\u0142onk\u00f3w PTDL &nbsp; I termin o [&hellip;]<\/p>\n","protected":false},"author":19,"featured_media":4305,"comment_status":"closed","ping_status":"open","sticky":false,"template":"","format":"standard","meta":{"footnotes":""},"categories":[24],"tags":[],"class_list":["post-6131","post","type-post","status-publish","format-standard","has-post-thumbnail","hentry","category-aktualnosci-oddzial-warszawa"],"_links":{"self":[{"href":"https:\/\/ptdl.pl\/index.php\/wp-json\/wp\/v2\/posts\/6131","targetHints":{"allow":["GET"]}}],"collection":[{"href":"https:\/\/ptdl.pl\/index.php\/wp-json\/wp\/v2\/posts"}],"about":[{"href":"https:\/\/ptdl.pl\/index.php\/wp-json\/wp\/v2\/types\/post"}],"author":[{"embeddable":true,"href":"https:\/\/ptdl.pl\/index.php\/wp-json\/wp\/v2\/users\/19"}],"replies":[{"embeddable":true,"href":"https:\/\/ptdl.pl\/index.php\/wp-json\/wp\/v2\/comments?post=6131"}],"version-history":[{"count":2,"href":"https:\/\/ptdl.pl\/index.php\/wp-json\/wp\/v2\/posts\/6131\/revisions"}],"predecessor-version":[{"id":6133,"href":"https:\/\/ptdl.pl\/index.php\/wp-json\/wp\/v2\/posts\/6131\/revisions\/6133"}],"wp:featuredmedia":[{"embeddable":true,"href":"https:\/\/ptdl.pl\/index.php\/wp-json\/wp\/v2\/media\/4305"}],"wp:attachment":[{"href":"https:\/\/ptdl.pl\/index.php\/wp-json\/wp\/v2\/media?parent=6131"}],"wp:term":[{"taxonomy":"category","embeddable":true,"href":"https:\/\/ptdl.pl\/index.php\/wp-json\/wp\/v2\/categories?post=6131"},{"taxonomy":"post_tag","embeddable":true,"href":"https:\/\/ptdl.pl\/index.php\/wp-json\/wp\/v2\/tags?post=6131"}],"curies":[{"name":"wp","href":"https:\/\/api.w.org\/{rel}","templated":true}]}}