{"id":6138,"date":"2026-04-23T11:51:59","date_gmt":"2026-04-23T09:51:59","guid":{"rendered":"https:\/\/ptdl.pl\/?p=6138"},"modified":"2026-04-23T11:53:33","modified_gmt":"2026-04-23T09:53:33","slug":"konferencja-wiosenne-spotkania-z-medycyna-laboratoryjna-krynica-zdroj-2026","status":"publish","type":"post","link":"https:\/\/ptdl.pl\/index.php\/2026\/04\/23\/konferencja-wiosenne-spotkania-z-medycyna-laboratoryjna-krynica-zdroj-2026\/","title":{"rendered":"Konferencja \u201eWiosenne spotkania z medycyn\u0105 laboratoryjn\u0105 \u2013 Krynica-Zdr\u00f3j 2026\u201d"},"content":{"rendered":"\n<style type=\"text\/css\" data-created_by=\"avia_inline_auto\" id=\"style-css-av-mobawqyq-50407848dd73f215b76046137634ffe1\">\n.avia-image-container.av-mobawqyq-50407848dd73f215b76046137634ffe1 img.avia_image{\nbox-shadow:none;\n}\n.avia-image-container.av-mobawqyq-50407848dd73f215b76046137634ffe1 .av-image-caption-overlay-center{\ncolor:#ffffff;\n}\n<\/style>\n<div  class='avia-image-container av-mobawqyq-50407848dd73f215b76046137634ffe1 av-styling- avia-align-center  avia-builder-el-0  el_before_av_textblock  avia-builder-el-first '   itemprop=\"image\" itemscope=\"itemscope\" itemtype=\"https:\/\/schema.org\/ImageObject\" ><div class=\"avia-image-container-inner\"><div class=\"avia-image-overlay-wrap\"><img decoding=\"async\" class='wp-image-6139 avia-img-lazy-loading-not-6139 avia_image ' src=\"https:\/\/ptdl.pl\/ptdl\/wp-content\/uploads\/2026\/04\/zdjecia-do-kolazu-konferencja-PTDL-16-17.04.26.jpg\" alt='' title='zdj\u0119cia do kola\u017cu konferencja PTDL 16-17.04.26'  height=\"1080\" width=\"1920\"  itemprop=\"thumbnailUrl\" srcset=\"https:\/\/ptdl.pl\/ptdl\/wp-content\/uploads\/2026\/04\/zdjecia-do-kolazu-konferencja-PTDL-16-17.04.26.jpg 1920w, https:\/\/ptdl.pl\/ptdl\/wp-content\/uploads\/2026\/04\/zdjecia-do-kolazu-konferencja-PTDL-16-17.04.26-300x169.jpg 300w, https:\/\/ptdl.pl\/ptdl\/wp-content\/uploads\/2026\/04\/zdjecia-do-kolazu-konferencja-PTDL-16-17.04.26-1030x579.jpg 1030w, https:\/\/ptdl.pl\/ptdl\/wp-content\/uploads\/2026\/04\/zdjecia-do-kolazu-konferencja-PTDL-16-17.04.26-768x432.jpg 768w, https:\/\/ptdl.pl\/ptdl\/wp-content\/uploads\/2026\/04\/zdjecia-do-kolazu-konferencja-PTDL-16-17.04.26-1536x864.jpg 1536w, https:\/\/ptdl.pl\/ptdl\/wp-content\/uploads\/2026\/04\/zdjecia-do-kolazu-konferencja-PTDL-16-17.04.26-1500x844.jpg 1500w, https:\/\/ptdl.pl\/ptdl\/wp-content\/uploads\/2026\/04\/zdjecia-do-kolazu-konferencja-PTDL-16-17.04.26-705x397.jpg 705w\" sizes=\"(max-width: 1920px) 100vw, 1920px\" \/><\/div><\/div><\/div>\n<section  class='av_textblock_section av-mobatq5z-5f62fa3df566c3ef7b071fd6871c82b6'  itemscope=\"itemscope\" itemtype=\"https:\/\/schema.org\/BlogPosting\" itemprop=\"blogPost\" ><div class='avia_textblock'  itemprop=\"text\" ><p style=\"text-align: justify;\">W dniach 16\u201317 kwietnia 2026 roku w Krynicy-Zdroju odby\u0142a si\u0119 Konferencja Naukowo-Szkoleniowa oddzia\u0142\u00f3w krakowskiego, kieleckiego i rzeszowskiego PTDL pod has\u0142em \u201eWiosenne spotkania z medycyn\u0105 laboratoryjn\u0105 \u2013 Krynica-Zdr\u00f3j 2026\u201d.<br \/>\nBy\u0142y to dwa intensywne dni wype\u0142nione wyk\u0142adami, wymian\u0105 do\u015bwiadcze\u0144 oraz spotkaniami \u015brodowiska medycyny laboratoryjnej. Mieli\u015bmy zaszczyt go\u015bci\u0107 wybitne grono wyk\u0142adowc\u00f3w \u2013 profesor\u00f3w, klinicyst\u00f3w, praktyk\u00f3w oraz diagnost\u00f3w laboratoryjnych z o\u015brodk\u00f3w akademickich, szpitali uniwersyteckich i innych plac\u00f3wek, a tak\u017ce przedstawicieli firm diagnostycznych.<br \/>\nWyk\u0142ad powitalny pt. \u201eKo\u015bci kobiet w praktyce laboratoryjnej\u201d wyg\u0142osi\u0142a Prezes Polskiego Towarzystwa Diagnostyki Laboratoryjnej, dr hab. n. med. Katarzyna Winsz-Szczotka, prof. \u015aUM. Z kolei wyk\u0142ad inauguracyjny pt. \u201eLegislacyjny krajobraz medycyny laboratoryjnej: co ju\u017c dzia\u0142a, a na co wci\u0105\u017c czekamy?\u201d przedstawi\u0142a Prezes Krajowej Rady Diagnost\u00f3w Laboratoryjnych, dr n. med. Monika Pintal-\u015alimak.<br \/>\nProgram konferencji obejmowa\u0142 sze\u015b\u0107 sesji tematycznych, poruszaj\u0105cych szerokie spektrum zagadnie\u0144 \u2013 od genetyki w onkologii, poprzez diagnostyk\u0119 laboratoryjn\u0105 chor\u00f3b przewodu pokarmowego i wsp\u00f3\u0142czesne trendy w kardiologii, a\u017c po diagnostyk\u0119 prenataln\u0105, wrodzone b\u0142\u0119dy odporno\u015bci, zaburzenia metaboliczne u noworodk\u00f3w i dzieci z uwzgl\u0119dnieniem ich specyfiki diagnostycznej oraz diagnostyk\u0119 chor\u00f3b zaka\u017anych. Ka\u017cde wyst\u0105pienie wnosi\u0142o istotn\u0105 warto\u015b\u0107 merytoryczn\u0105 i praktyczn\u0105.<br \/>\nCennym uzupe\u0142nieniem programu by\u0142y kr\u00f3tkie prezentacje przedstawicieli firm diagnostycznych, kt\u00f3rzy w przyst\u0119pny spos\u00f3b zaprezentowali nowoczesne rozwi\u0105zania, kierunki rozwoju diagnostyki oraz wizj\u0119 automatyzacji i usprawnienia pracy w medycznych laboratoriach diagnostycznych.<br \/>\nPodczas konferencji Prezes KRDL, dr Monika Pintal-\u015alimak, uhonorowa\u0142a nagrod\u0105 \u201eZas\u0142u\u017cony Diagnosta Laboratoryjny\u201d nasz\u0105 kole\u017cank\u0119 z wojew\u00f3dztwa ma\u0142opolskiego \u2013 diagnostk\u0119 laboratoryjn\u0105 oraz sekretarz krakowskiego oddzia\u0142u PTDL, mgr Joann\u0119 Kowalik \u2013 za jej zaanga\u017cowanie i dzia\u0142alno\u015b\u0107 na rzecz \u015brodowiska diagnost\u00f3w laboratoryjnych.<br \/>\nBy\u0142y to dwa dni pe\u0142ne wiedzy, inspiracji oraz warto\u015bciowych rozm\u00f3w. Wsp\u00f3lnie sp\u0119dzony czas w \u017cyczliwej i serdecznej atmosferze na d\u0142ugo pozostanie w naszej pami\u0119ci. Na szczeg\u00f3lne podzi\u0119kowania zas\u0142uguje komitet naukowy i organizacyjny za swoje zaanga\u017cowanie, a tak\u017ce firma Ampulco za wsp\u00f3\u0142prac\u0119 przy organizacji wydarzenia. Wyrazy uznania kierujemy r\u00f3wnie\u017c do przewodnicz\u0105cych oddzia\u0142\u00f3w PTDL: krakowskiego \u2013 dr Anny Z\u0105bek-Adamskiej, kieleckiego \u2013 mgr Anny Goliszek oraz rzeszowskiego \u2013 mgr Les\u0142awa Krasonia.<br \/>\nBy\u0142 to wyj\u0105tkowy czas \u2013 pe\u0142en wiedzy, inspiracji i wa\u017cnych temat\u00f3w, ale tak\u017ce serdecznych spotka\u0144 i wsp\u00f3lnych chwil.<br \/>\nZapraszamy na kolejn\u0105 edycj\u0119 konferencji w 2027 roku.<\/p>\n<\/div><\/section>\n","protected":false},"excerpt":{"rendered":"","protected":false},"author":1,"featured_media":6139,"comment_status":"closed","ping_status":"open","sticky":false,"template":"","format":"standard","meta":{"footnotes":""},"categories":[14,28],"tags":[],"class_list":["post-6138","post","type-post","status-publish","format-standard","has-post-thumbnail","hentry","category-aktualnosci-oddzial-krakow","category-konferencje"],"_links":{"self":[{"href":"https:\/\/ptdl.pl\/index.php\/wp-json\/wp\/v2\/posts\/6138","targetHints":{"allow":["GET"]}}],"collection":[{"href":"https:\/\/ptdl.pl\/index.php\/wp-json\/wp\/v2\/posts"}],"about":[{"href":"https:\/\/ptdl.pl\/index.php\/wp-json\/wp\/v2\/types\/post"}],"author":[{"embeddable":true,"href":"https:\/\/ptdl.pl\/index.php\/wp-json\/wp\/v2\/users\/1"}],"replies":[{"embeddable":true,"href":"https:\/\/ptdl.pl\/index.php\/wp-json\/wp\/v2\/comments?post=6138"}],"version-history":[{"count":2,"href":"https:\/\/ptdl.pl\/index.php\/wp-json\/wp\/v2\/posts\/6138\/revisions"}],"predecessor-version":[{"id":6142,"href":"https:\/\/ptdl.pl\/index.php\/wp-json\/wp\/v2\/posts\/6138\/revisions\/6142"}],"wp:featuredmedia":[{"embeddable":true,"href":"https:\/\/ptdl.pl\/index.php\/wp-json\/wp\/v2\/media\/6139"}],"wp:attachment":[{"href":"https:\/\/ptdl.pl\/index.php\/wp-json\/wp\/v2\/media?parent=6138"}],"wp:term":[{"taxonomy":"category","embeddable":true,"href":"https:\/\/ptdl.pl\/index.php\/wp-json\/wp\/v2\/categories?post=6138"},{"taxonomy":"post_tag","embeddable":true,"href":"https:\/\/ptdl.pl\/index.php\/wp-json\/wp\/v2\/tags?post=6138"}],"curies":[{"name":"wp","href":"https:\/\/api.w.org\/{rel}","templated":true}]}}