{"id":6153,"date":"2026-04-25T21:58:35","date_gmt":"2026-04-25T19:58:35","guid":{"rendered":"https:\/\/ptdl.pl\/?p=6153"},"modified":"2026-04-25T21:58:35","modified_gmt":"2026-04-25T19:58:35","slug":"konferencja-20-maja-2026-r-poznan-congress-center-rejestracja","status":"publish","type":"post","link":"https:\/\/ptdl.pl\/index.php\/2026\/04\/25\/konferencja-20-maja-2026-r-poznan-congress-center-rejestracja\/","title":{"rendered":"Konferencja 20 maja 2026 r. &#8211; Pozna\u0144 Congress Center REJESTRACJA"},"content":{"rendered":"<p style=\"text-align: center\">\n<p style=\"text-align: center\">Szanowni Pa\u0144stwo, Diagno\u015bci Laboratoryjni,<\/p>\n<p style=\"text-align: center\">Serdecznie zapraszamy Pa\u0144stwa do udzia\u0142u w konferencji: \u201e<strong>Zdrowie zaczyna si\u0119 od wiedzy\u201d<\/strong>, kt\u00f3ra odb\u0119dzie si\u0119 <strong>20 maja 2026 r. <\/strong><strong>o godzinie 10.00 w Pozna\u0144 Congress Center w Poznaniu, ul. G\u0142ogowska 10.<br \/>\n<\/strong>Wydarzenie to towarzyszy Targom Sprz\u0119tu i Wyposa\u017cenia Medycznego SALMED.<strong><br \/>\n<\/strong>Udzia\u0142 w konferencji jest bezp\u0142atny, ale wymagana jest rejestracja.<\/p>\n<p><strong>Linki do zapis\u00f3w:\u00a0<\/strong><\/p>\n<p><a href=\"https:\/\/tobilet.pl\/salmed-2026.html\">https:\/\/tob<\/a><a href=\"https:\/\/tobilet.pl\/salmed-2026.html\"><img loading=\"lazy\" decoding=\"async\" class=\"wp-image-6155 alignleft\" src=\"https:\/\/ptdl.pl\/ptdl\/wp-content\/uploads\/2026\/04\/SALMED_26_bilet_1920x1080-300x169.png\" alt=\"\" width=\"278\" height=\"157\" srcset=\"https:\/\/ptdl.pl\/ptdl\/wp-content\/uploads\/2026\/04\/SALMED_26_bilet_1920x1080-300x169.png 300w, https:\/\/ptdl.pl\/ptdl\/wp-content\/uploads\/2026\/04\/SALMED_26_bilet_1920x1080-1030x579.png 1030w, https:\/\/ptdl.pl\/ptdl\/wp-content\/uploads\/2026\/04\/SALMED_26_bilet_1920x1080-768x432.png 768w, https:\/\/ptdl.pl\/ptdl\/wp-content\/uploads\/2026\/04\/SALMED_26_bilet_1920x1080-1536x864.png 1536w, https:\/\/ptdl.pl\/ptdl\/wp-content\/uploads\/2026\/04\/SALMED_26_bilet_1920x1080-1500x844.png 1500w, https:\/\/ptdl.pl\/ptdl\/wp-content\/uploads\/2026\/04\/SALMED_26_bilet_1920x1080-705x397.png 705w, https:\/\/ptdl.pl\/ptdl\/wp-content\/uploads\/2026\/04\/SALMED_26_bilet_1920x1080.png 1920w\" sizes=\"auto, (max-width: 278px) 100vw, 278px\" \/><\/a><a href=\"https:\/\/tobilet.pl\/salmed-2026.html\">ilet.pl\/salmed-2026.html<\/a><\/p>\n<p><a href=\"https:\/\/salmed.pl\/pl\/dla-zwiedzajacych\/wazne-informacje\/bilety-i-dodatkowe-informacje\/\">https:\/\/salmed.pl\/pl\/dla-zwiedzajacych\/wazne-informacje\/bilety-i-dodatkowe-informacje\/<\/a><\/p>\n<p>&nbsp;<\/p>\n<p>&nbsp;<\/p>\n<p><strong><br \/>\nProgram konferencji:<\/strong><\/p>\n<a href=\"https:\/\/ptdl.pl\/ptdl\/wp-content\/uploads\/2026\/04\/PROGRAM-SALMED-20.05.2026.pdf\" class=\"pdfemb-viewer\" style=\"width:900px;\" data-width=\"900\" data-height=\"max\" data-toolbar=\"both\" data-toolbar-fixed=\"off\">PROGRAM SALMED 20.05.2026<\/a>\n<p style=\"text-align: left\">B\u0119dzie nam niezwykle mi\u0142o go\u015bci\u0107 Pa\u0144stwa podczas tego wydarzenia.<\/p>\n<p style=\"text-align: left\">Z wyrazami szacunku<\/p>\n<p style=\"text-align: left\">dr n. farm. Ma\u0142gorzata Zieli\u0144ska-Przyjemska<br \/>\nPrzewodnicz\u0105ca PTDL Oddzia\u0142 Pozna\u0144<\/p>\n","protected":false},"excerpt":{"rendered":"<p>Szanowni Pa\u0144stwo, Diagno\u015bci Laboratoryjni, Serdecznie zapraszamy Pa\u0144stwa do udzia\u0142u w konferencji: \u201eZdrowie zaczyna si\u0119 od wiedzy\u201d, kt\u00f3ra odb\u0119dzie si\u0119 20 maja 2026 r. o godzinie 10.00 w Pozna\u0144 Congress Center w Poznaniu, ul. G\u0142ogowska 10. Wydarzenie to towarzyszy Targom Sprz\u0119tu i Wyposa\u017cenia Medycznego SALMED. Udzia\u0142 w konferencji jest bezp\u0142atny, ale wymagana jest rejestracja. Linki do [&hellip;]<\/p>\n","protected":false},"author":15,"featured_media":5917,"comment_status":"closed","ping_status":"open","sticky":false,"template":"","format":"standard","meta":{"footnotes":""},"categories":[6,20],"tags":[],"class_list":["post-6153","post","type-post","status-publish","format-standard","has-post-thumbnail","hentry","category-aktualnosci","category-aktualnosci-oddzial-poznan"],"_links":{"self":[{"href":"https:\/\/ptdl.pl\/index.php\/wp-json\/wp\/v2\/posts\/6153","targetHints":{"allow":["GET"]}}],"collection":[{"href":"https:\/\/ptdl.pl\/index.php\/wp-json\/wp\/v2\/posts"}],"about":[{"href":"https:\/\/ptdl.pl\/index.php\/wp-json\/wp\/v2\/types\/post"}],"author":[{"embeddable":true,"href":"https:\/\/ptdl.pl\/index.php\/wp-json\/wp\/v2\/users\/15"}],"replies":[{"embeddable":true,"href":"https:\/\/ptdl.pl\/index.php\/wp-json\/wp\/v2\/comments?post=6153"}],"version-history":[{"count":6,"href":"https:\/\/ptdl.pl\/index.php\/wp-json\/wp\/v2\/posts\/6153\/revisions"}],"predecessor-version":[{"id":6164,"href":"https:\/\/ptdl.pl\/index.php\/wp-json\/wp\/v2\/posts\/6153\/revisions\/6164"}],"wp:featuredmedia":[{"embeddable":true,"href":"https:\/\/ptdl.pl\/index.php\/wp-json\/wp\/v2\/media\/5917"}],"wp:attachment":[{"href":"https:\/\/ptdl.pl\/index.php\/wp-json\/wp\/v2\/media?parent=6153"}],"wp:term":[{"taxonomy":"category","embeddable":true,"href":"https:\/\/ptdl.pl\/index.php\/wp-json\/wp\/v2\/categories?post=6153"},{"taxonomy":"post_tag","embeddable":true,"href":"https:\/\/ptdl.pl\/index.php\/wp-json\/wp\/v2\/tags?post=6153"}],"curies":[{"name":"wp","href":"https:\/\/api.w.org\/{rel}","templated":true}]}}