{"id":6174,"date":"2026-04-27T13:14:27","date_gmt":"2026-04-27T11:14:27","guid":{"rendered":"https:\/\/ptdl.pl\/?p=6174"},"modified":"2026-04-28T15:24:01","modified_gmt":"2026-04-28T13:24:01","slug":"konferencja-medycyna-laboratoryjna-2026","status":"publish","type":"post","link":"https:\/\/ptdl.pl\/index.php\/2026\/04\/27\/konferencja-medycyna-laboratoryjna-2026\/","title":{"rendered":"Konferencja MEDYCYNA LABORATORYJNA 2026"},"content":{"rendered":"<p>Szanowni Pa\u0144stwo,<\/p>\n<p>Uprzejmie informujemy, \u017ce kolejna konferencja naukowo-szkoleniowa <strong>MEDYCYNA LABORATORYJNA 2026<\/strong> odb\u0119dzie si\u0119 <strong>w dniach 8-10.06.20256 r. w Mszczonowie k\/Warszawy, w hotelu Panorama.<\/strong><\/p>\n<p>Jak w latach poprzednich, do udzia\u0142u w konferencji zapraszamy Kierownik\u00f3w Medycznych Laboratori\u00f3w Diagnostycznych lub wydelegowanego przez nich Kierownika Pracowni.<\/p>\n<p>Program tegorocznej konferencji obejmuje zagadnienia diagnostyki laboratoryjnej w chorobach uk\u0142adu kr\u0105\u017cenia, hematologii, zaka\u017ceniach, oty\u0142o\u015bci, przewlek\u0142ych chorobach w\u0105troby oraz terapeutycznego monitorowania lek\u00f3w \/ toksykologii i odpowiedzialno\u015bci zawodowej diagnost\u00f3w laboratoryjnych.<\/p>\n<p>Odp\u0142atno\u015b\u0107 za udzia\u0142 w konferencji wynosi <strong>300 z\u0142.<\/strong><\/p>\n<p><strong>Rejestracja Uczestnik\u00f3w Konferencji rozpocznie si\u0119 11.05.2026 r.<\/strong> O szczeg\u00f3\u0142ach poinformujemy Pa\u0144stwa w kolejnym komunikacie.<\/p>\n<p>Serdecznie zapraszamy!<\/p>\n","protected":false},"excerpt":{"rendered":"<p>Szanowni Pa\u0144stwo, Uprzejmie informujemy, \u017ce kolejna konferencja naukowo-szkoleniowa MEDYCYNA LABORATORYJNA 2026 odb\u0119dzie si\u0119 w dniach 8-10.06.20256 r. w Mszczonowie k\/Warszawy, w hotelu Panorama. Jak w latach poprzednich, do udzia\u0142u w konferencji zapraszamy Kierownik\u00f3w Medycznych Laboratori\u00f3w Diagnostycznych lub wydelegowanego przez nich Kierownika Pracowni. Program tegorocznej konferencji obejmuje zagadnienia diagnostyki laboratoryjnej w chorobach uk\u0142adu kr\u0105\u017cenia, hematologii, zaka\u017ceniach, [&hellip;]<\/p>\n","protected":false},"author":1,"featured_media":817,"comment_status":"closed","ping_status":"open","sticky":false,"template":"","format":"standard","meta":{"footnotes":""},"categories":[5,28],"tags":[],"class_list":["post-6174","post","type-post","status-publish","format-standard","has-post-thumbnail","hentry","category-aktualnosci-zarzad","category-konferencje"],"_links":{"self":[{"href":"https:\/\/ptdl.pl\/index.php\/wp-json\/wp\/v2\/posts\/6174","targetHints":{"allow":["GET"]}}],"collection":[{"href":"https:\/\/ptdl.pl\/index.php\/wp-json\/wp\/v2\/posts"}],"about":[{"href":"https:\/\/ptdl.pl\/index.php\/wp-json\/wp\/v2\/types\/post"}],"author":[{"embeddable":true,"href":"https:\/\/ptdl.pl\/index.php\/wp-json\/wp\/v2\/users\/1"}],"replies":[{"embeddable":true,"href":"https:\/\/ptdl.pl\/index.php\/wp-json\/wp\/v2\/comments?post=6174"}],"version-history":[{"count":1,"href":"https:\/\/ptdl.pl\/index.php\/wp-json\/wp\/v2\/posts\/6174\/revisions"}],"predecessor-version":[{"id":6175,"href":"https:\/\/ptdl.pl\/index.php\/wp-json\/wp\/v2\/posts\/6174\/revisions\/6175"}],"wp:featuredmedia":[{"embeddable":true,"href":"https:\/\/ptdl.pl\/index.php\/wp-json\/wp\/v2\/media\/817"}],"wp:attachment":[{"href":"https:\/\/ptdl.pl\/index.php\/wp-json\/wp\/v2\/media?parent=6174"}],"wp:term":[{"taxonomy":"category","embeddable":true,"href":"https:\/\/ptdl.pl\/index.php\/wp-json\/wp\/v2\/categories?post=6174"},{"taxonomy":"post_tag","embeddable":true,"href":"https:\/\/ptdl.pl\/index.php\/wp-json\/wp\/v2\/tags?post=6174"}],"curies":[{"name":"wp","href":"https:\/\/api.w.org\/{rel}","templated":true}]}}